{"id":10519,"date":"2022-02-11T13:03:48","date_gmt":"2022-02-11T16:03:48","guid":{"rendered":"http:\/\/dgospel.com.br\/portal\/?p=10519"},"modified":"2022-02-11T13:03:50","modified_gmt":"2022-02-11T16:03:50","slug":"bolsonaro-trouxe-a-agua-e-lula-levou-o-dinheiro-diz-coronel","status":"publish","type":"post","link":"https:\/\/dgospel.com.br\/portal\/index.php\/2022\/02\/11\/bolsonaro-trouxe-a-agua-e-lula-levou-o-dinheiro-diz-coronel\/","title":{"rendered":"\u201cBolsonaro trouxe a \u00e1gua e Lula levou o dinheiro\u201d, diz coronel"},"content":{"rendered":"\n<p> O deputado estadual Coronel Azevedo (PSC-RN) apresentou requerimento de voto de congratula\u00e7\u00f5es ao Presidente Bolsonaro e ao Ministro do Desenvolvimento Regional, Rog\u00e9rio Marinho, em reconhecimento ao trabalho pela chegada das \u00e1guas do Rio S\u00e3o Francisco no Rio Grande do Norte. <\/p>\n\n\n\n<figure class=\"wp-block-image\"><img src=\"https:\/\/static.cdn.pleno.news\/2022\/02\/51871084143_bbc5d71021_k-e1644526501666-1024x737.jpg\" alt=\"\" class=\"wp-image-893233\"\/><\/figure>\n\n\n\n<p>Bolsonaro no Ato de Libera\u00e7\u00e3o das \u00c1guas do Rio S\u00e3o Francisco\u00a0Foto: PR\/Alan Santos <\/p>\n\n\n\n<p> Na sess\u00e3o ordin\u00e1ria desta quinta-feira (10), o parlamentar afirmou que h\u00e1 muita pol\u00eamica dos apoiadores do PT e partid\u00e1rios da esquerda em rela\u00e7\u00e3o ao assunto da obra, bem como a\u00e7\u00f5es do ex-presidente Lula no Nordeste. <\/p>\n\n\n\n<p>\u2013 O resumo \u00e9 o seguinte, Bolsonaro trouxe a \u00e1gua e Lula levou o dinheiro. Isso \u00e9 o resumo da transposi\u00e7\u00e3o de \u00e1gua do S\u00e3o Francisco. Obrigado, presidente Jair Bolsonaro \u2013 disse o deputado.<\/p>\n\n\n\n<figure class=\"wp-block-embed-twitter wp-block-embed is-type-rich is-provider-twitter\"><div class=\"wp-block-embed__wrapper\">\n<blockquote class=\"twitter-tweet\" data-width=\"550\" data-dnt=\"true\"><p lang=\"pt\" dir=\"ltr\">Coronel Azevedo: \u201cBolsonaro trouxe a \u00e1gua e Lula levou o dinheiro\u201d <a href=\"https:\/\/t.co\/k3uKSIwdzd\">pic.twitter.com\/k3uKSIwdzd<\/a><\/p>&mdash; Junior Melo TERRA\ud83c\udde7\ud83c\uddf7\ud83c\uddee\ud83c\uddf1 (@juniormelorn_) <a href=\"https:\/\/twitter.com\/juniormelorn_\/status\/1491824775777378307?ref_src=twsrc%5Etfw\">February 10, 2022<\/a><\/blockquote><script async src=\"https:\/\/platform.twitter.com\/widgets.js\" charset=\"utf-8\"><\/script>\n<\/div><\/figure>\n\n\n\n<p>O presidente Jair Bolsonaro afirmou nesta ter\u00e7a-feira (8) que a falta de \u00e1gua n\u00e3o \u00e9 mais um problema para o Nordeste. A afirma\u00e7\u00e3o foi feita em Jati, no Cear\u00e1, onde o governo organizou cerim\u00f4nia para a libera\u00e7\u00e3o de \u00e1guas do rio S\u00e3o Francisco para o estado.<\/p>\n\n\n\n<p>Bolsonaro esteve de passagem pelo Nordeste at\u00e9 a quarta-feira (9) para inaugurar trechos da transposi\u00e7\u00e3o do rio em estados governados pela esquerda: Pernambuco, Cear\u00e1 e Rio Grande do Norte.<\/p>\n","protected":false},"excerpt":{"rendered":"<p>O deputado estadual Coronel Azevedo (PSC-RN) apresentou requerimento de voto de congratula\u00e7\u00f5es ao Presidente Bolsonaro e ao Ministro do Desenvolvimento Regional, Rog\u00e9rio Marinho, em reconhecimento ao trabalho pela chegada das \u00e1guas do Rio S\u00e3o Francisco no Rio Grande do Norte. Bolsonaro no Ato de Libera\u00e7\u00e3o das \u00c1guas do Rio S\u00e3o Francisco\u00a0Foto: PR\/Alan Santos Na sess\u00e3o [&hellip;]<\/p>\n","protected":false},"author":2,"featured_media":10520,"comment_status":"open","ping_status":"open","sticky":false,"template":"","format":"standard","meta":[],"categories":[4],"tags":[13],"_links":{"self":[{"href":"https:\/\/dgospel.com.br\/portal\/index.php\/wp-json\/wp\/v2\/posts\/10519"}],"collection":[{"href":"https:\/\/dgospel.com.br\/portal\/index.php\/wp-json\/wp\/v2\/posts"}],"about":[{"href":"https:\/\/dgospel.com.br\/portal\/index.php\/wp-json\/wp\/v2\/types\/post"}],"author":[{"embeddable":true,"href":"https:\/\/dgospel.com.br\/portal\/index.php\/wp-json\/wp\/v2\/users\/2"}],"replies":[{"embeddable":true,"href":"https:\/\/dgospel.com.br\/portal\/index.php\/wp-json\/wp\/v2\/comments?post=10519"}],"version-history":[{"count":1,"href":"https:\/\/dgospel.com.br\/portal\/index.php\/wp-json\/wp\/v2\/posts\/10519\/revisions"}],"predecessor-version":[{"id":10521,"href":"https:\/\/dgospel.com.br\/portal\/index.php\/wp-json\/wp\/v2\/posts\/10519\/revisions\/10521"}],"wp:featuredmedia":[{"embeddable":true,"href":"https:\/\/dgospel.com.br\/portal\/index.php\/wp-json\/wp\/v2\/media\/10520"}],"wp:attachment":[{"href":"https:\/\/dgospel.com.br\/portal\/index.php\/wp-json\/wp\/v2\/media?parent=10519"}],"wp:term":[{"taxonomy":"category","embeddable":true,"href":"https:\/\/dgospel.com.br\/portal\/index.php\/wp-json\/wp\/v2\/categories?post=10519"},{"taxonomy":"post_tag","embeddable":true,"href":"https:\/\/dgospel.com.br\/portal\/index.php\/wp-json\/wp\/v2\/tags?post=10519"}],"curies":[{"name":"wp","href":"https:\/\/api.w.org\/{rel}","templated":true}]}}