{"id":1052,"date":"2018-08-21T09:03:54","date_gmt":"2018-08-21T12:03:54","guid":{"rendered":"http:\/\/dgospel.com.br\/portal\/?p=1052"},"modified":"2018-08-21T09:03:54","modified_gmt":"2018-08-21T12:03:54","slug":"wanderlei-barbosa-visita-municipios-e-se-reune-com-apoiadores","status":"publish","type":"post","link":"https:\/\/dgospel.com.br\/portal\/index.php\/2018\/08\/21\/wanderlei-barbosa-visita-municipios-e-se-reune-com-apoiadores\/","title":{"rendered":"Wanderlei Barbosa visita munic\u00edpios e se re\u00fane com apoiadores"},"content":{"rendered":"<p class=\"yiv6110774777MsoNormal\">O candidato a vice-governador Wanderlei Barbosa (PHS) visitou neste final de semana munic\u00edpios do Estado e participou de reuni\u00f5es com l\u00edderes regionais. Barbosa estava acompanhado do candidato a deputado estadual Leo Barbosa (SD).<\/p>\n<p class=\"yiv6110774777MsoNormal\">Na sexta-feira, 17, o prefeito de Aparecida do Rio Negro, Deusimar Amorim promoveu uma reuni\u00e3o no munic\u00edpio em apoio \u00e0 candidatura de Mauro Carlesse, do PHS e tamb\u00e9m a L\u00e9o Barbosa. Durante o encontro, que contou com a participa\u00e7\u00e3o de importantes lideran\u00e7as pol\u00edticas da regi\u00e3o, como o vice-prefeito Serginho, vereadores, ex-prefeitos, ex-vereadores, al\u00e9m de representantes da comunidade e populares, Wanderlei pode fazer um balan\u00e7o positivo da atua\u00e7\u00e3o de Carlesse nesses poucos meses frente ao governo.<\/p>\n<p class=\"yiv6110774777MsoNormal\">Para o prefeito Deusimar, Carlesse e Wanderlei Barbosa tem demonstrado que merecem novamente a confian\u00e7a dos tocantinenses. Falou tamb\u00e9m que a candidatura de L\u00e9o Barbosa representa o fortalecimento pol\u00edtico para a regi\u00e3o.<\/p>\n<p class=\"yiv6110774777MsoNormal\">Em F\u00e1tima do Tocantins e Santa Rita do Tocantins, no s\u00e1bado, 18, Wanderlei recebeu manifesta\u00e7\u00e3o de apoio de v\u00e1rios vereadores, que tamb\u00e9m se estendeu a L\u00e9o Barbosa. Para Wanderlei, estes apoios recebidos s\u00f3 mostram que as pessoas reconhecem o trabalho que o governador vem fazendo e acreditam que ele \u00e9 o melhor para o Estado. \u201cAgrade\u00e7o a aten\u00e7\u00e3o e apoio \u00e0 candidatura de Carlesse e de Leo Barbosa a deputado estadual\u201d, disse Wanderlei.<\/p>\n<p class=\"yiv6110774777MsoNormal\">No domingo, 19, Wanderlei e L\u00e9o visitaram o munic\u00edpio de Rio Sono, e ao lado do prefeito Itair Martins, do ex-vereador Ant\u00f4nio Raimundo, o l\u00edder Biel e v\u00e1rios outros l\u00edderes da regi\u00e3o, andaram pelo Distrito de Brejo Fundo visitando os moradores da regi\u00e3o. \u201cDurante conversa com muitas pessoas da localidade, detectamos problemas como estradas em p\u00e9ssimas condi\u00e7\u00f5es, acredito no potencial do Distrito e juntamente com o governador Mauro Carlesse faremos o empenho para que nossa gente tenha estradas de qualidade\u201d, afirmou Wanderlei.<\/p>\n<p class=\"yiv6110774777MsoNormal\">\n","protected":false},"excerpt":{"rendered":"<p>O candidato a vice-governador Wanderlei Barbosa (PHS) visitou neste final de semana munic\u00edpios do Estado e participou de reuni\u00f5es com l\u00edderes regionais. Barbosa estava acompanhado do candidato a deputado estadual Leo Barbosa (SD). Na sexta-feira, 17, o prefeito de Aparecida do Rio Negro, Deusimar Amorim promoveu uma reuni\u00e3o no munic\u00edpio em apoio \u00e0 candidatura de [&hellip;]<\/p>\n","protected":false},"author":2,"featured_media":1054,"comment_status":"open","ping_status":"open","sticky":false,"template":"","format":"standard","meta":[],"categories":[2,4],"tags":[],"_links":{"self":[{"href":"https:\/\/dgospel.com.br\/portal\/index.php\/wp-json\/wp\/v2\/posts\/1052"}],"collection":[{"href":"https:\/\/dgospel.com.br\/portal\/index.php\/wp-json\/wp\/v2\/posts"}],"about":[{"href":"https:\/\/dgospel.com.br\/portal\/index.php\/wp-json\/wp\/v2\/types\/post"}],"author":[{"embeddable":true,"href":"https:\/\/dgospel.com.br\/portal\/index.php\/wp-json\/wp\/v2\/users\/2"}],"replies":[{"embeddable":true,"href":"https:\/\/dgospel.com.br\/portal\/index.php\/wp-json\/wp\/v2\/comments?post=1052"}],"version-history":[{"count":1,"href":"https:\/\/dgospel.com.br\/portal\/index.php\/wp-json\/wp\/v2\/posts\/1052\/revisions"}],"predecessor-version":[{"id":1055,"href":"https:\/\/dgospel.com.br\/portal\/index.php\/wp-json\/wp\/v2\/posts\/1052\/revisions\/1055"}],"wp:featuredmedia":[{"embeddable":true,"href":"https:\/\/dgospel.com.br\/portal\/index.php\/wp-json\/wp\/v2\/media\/1054"}],"wp:attachment":[{"href":"https:\/\/dgospel.com.br\/portal\/index.php\/wp-json\/wp\/v2\/media?parent=1052"}],"wp:term":[{"taxonomy":"category","embeddable":true,"href":"https:\/\/dgospel.com.br\/portal\/index.php\/wp-json\/wp\/v2\/categories?post=1052"},{"taxonomy":"post_tag","embeddable":true,"href":"https:\/\/dgospel.com.br\/portal\/index.php\/wp-json\/wp\/v2\/tags?post=1052"}],"curies":[{"name":"wp","href":"https:\/\/api.w.org\/{rel}","templated":true}]}}