{"id":10522,"date":"2022-02-11T13:06:43","date_gmt":"2022-02-11T16:06:43","guid":{"rendered":"http:\/\/dgospel.com.br\/portal\/?p=10522"},"modified":"2022-02-11T13:06:43","modified_gmt":"2022-02-11T16:06:43","slug":"governo-do-tocantins-fara-contratacao-de-empresa-especializada-em-tratamento-em-oncologia-no-hra","status":"publish","type":"post","link":"https:\/\/dgospel.com.br\/portal\/index.php\/2022\/02\/11\/governo-do-tocantins-fara-contratacao-de-empresa-especializada-em-tratamento-em-oncologia-no-hra\/","title":{"rendered":"Governo do Tocantins far\u00e1 contrata\u00e7\u00e3o de empresa especializada em tratamento em oncologia no HRA"},"content":{"rendered":"\n<p>A contrata\u00e7\u00e3o de empresa especializada em tratamento em oncologia, pelo Governo do Tocantins, para atendimento no Hospital Regional de Aragua\u00edna (HRA), foi aprovada nessa quinta-feira, 10, durante reuni\u00e3o ordin\u00e1ria on-line do Conselho Estadual de Sa\u00fade. A proposta foi feita pela Secretaria de Estado da Sa\u00fade (SES-TO) e aprovada por unanimidade.<\/p>\n\n\n\n<p>A empresa que contratada dever\u00e1 ser especializada na presta\u00e7\u00e3o de servi\u00e7os de tratamento em oncologia e ir\u00e1 atuar no atendimento de pacientes assistidos pela Unidade de Alta Complexidade em Oncologia (Unacon) do HRA.<\/p>\n\n\n\n<p>Segundo a superintendente de Unidades Hospitalares Pr\u00f3prias da SES-TO, Elaine Negre Sanches, o intuito da contrata\u00e7\u00e3o \u00e9 ampliar o servi\u00e7o j\u00e1 ofertado na unidade hospitalar, al\u00e9m de trazer mais qualidade ao servi\u00e7o, devido ser uma equipe especializada no atendimento.<\/p>\n\n\n\n<p>Ap\u00f3s aprova\u00e7\u00e3o da proposta, ter\u00e3o agora andamento os tr\u00e2mites burocr\u00e1ticos. O processo ser\u00e1 autuado e, em seguida, encaminhado para as \u00e1reas t\u00e9cnicas da SES-TO para os atos legais, visando \u00e0 contrata\u00e7\u00e3o de servi\u00e7os especializados (quimioterapia e radioterapia).<\/p>\n\n\n\n<p><strong>Reuni\u00e3o ordin\u00e1ria<\/strong><\/p>\n\n\n\n<p>Outra aprova\u00e7\u00e3o feita durante a Reuni\u00e3o Ordin\u00e1ria foi \u00e0 proposta da SES-TO para o credenciamento de empresa que ir\u00e1 integrar a rede complementar do Sistema \u00danico de Sa\u00fade (SUS) na presta\u00e7\u00e3o de servi\u00e7os de Unidade de Terapia Intensiva (UTI) geral.<\/p>\n\n\n\n<p>A \u00faltima aprova\u00e7\u00e3o feita durante a reuni\u00e3o foi para a abertura de Ata de Registro de Pre\u00e7o, para contrata\u00e7\u00e3o de empresa especializada na presta\u00e7\u00e3o de servi\u00e7os de remo\u00e7\u00e3o terrestre com ambul\u00e2ncia tipo D, ou seja, com suporte avan\u00e7ado.<\/p>\n\n\n\n<p>A superintendente de Pol\u00edticas de Aten\u00e7\u00e3o \u00e0 Sa\u00fade da SES-TO, Alyne Nunes Mota, esclarece que \u201cas aprova\u00e7\u00f5es feitas ser\u00e3o fundamentais para o suporte aos pacientes graves usu\u00e1rios do SUS, pois s\u00e3o demandas que precisam de equipe multiprofissional para atendimento. E com as propostas feitas, os servi\u00e7os ser\u00e3o ampliados\u201d.<\/p>\n","protected":false},"excerpt":{"rendered":"<p>A contrata\u00e7\u00e3o de empresa especializada em tratamento em oncologia, pelo Governo do Tocantins, para atendimento no Hospital Regional de Aragua\u00edna (HRA), foi aprovada nessa quinta-feira, 10, durante reuni\u00e3o ordin\u00e1ria on-line do Conselho Estadual de Sa\u00fade. A proposta foi feita pela Secretaria de Estado da Sa\u00fade (SES-TO) e aprovada por unanimidade. A empresa que contratada dever\u00e1 [&hellip;]<\/p>\n","protected":false},"author":2,"featured_media":10523,"comment_status":"open","ping_status":"open","sticky":false,"template":"","format":"standard","meta":[],"categories":[3],"tags":[13],"_links":{"self":[{"href":"https:\/\/dgospel.com.br\/portal\/index.php\/wp-json\/wp\/v2\/posts\/10522"}],"collection":[{"href":"https:\/\/dgospel.com.br\/portal\/index.php\/wp-json\/wp\/v2\/posts"}],"about":[{"href":"https:\/\/dgospel.com.br\/portal\/index.php\/wp-json\/wp\/v2\/types\/post"}],"author":[{"embeddable":true,"href":"https:\/\/dgospel.com.br\/portal\/index.php\/wp-json\/wp\/v2\/users\/2"}],"replies":[{"embeddable":true,"href":"https:\/\/dgospel.com.br\/portal\/index.php\/wp-json\/wp\/v2\/comments?post=10522"}],"version-history":[{"count":1,"href":"https:\/\/dgospel.com.br\/portal\/index.php\/wp-json\/wp\/v2\/posts\/10522\/revisions"}],"predecessor-version":[{"id":10524,"href":"https:\/\/dgospel.com.br\/portal\/index.php\/wp-json\/wp\/v2\/posts\/10522\/revisions\/10524"}],"wp:featuredmedia":[{"embeddable":true,"href":"https:\/\/dgospel.com.br\/portal\/index.php\/wp-json\/wp\/v2\/media\/10523"}],"wp:attachment":[{"href":"https:\/\/dgospel.com.br\/portal\/index.php\/wp-json\/wp\/v2\/media?parent=10522"}],"wp:term":[{"taxonomy":"category","embeddable":true,"href":"https:\/\/dgospel.com.br\/portal\/index.php\/wp-json\/wp\/v2\/categories?post=10522"},{"taxonomy":"post_tag","embeddable":true,"href":"https:\/\/dgospel.com.br\/portal\/index.php\/wp-json\/wp\/v2\/tags?post=10522"}],"curies":[{"name":"wp","href":"https:\/\/api.w.org\/{rel}","templated":true}]}}