{"id":10528,"date":"2022-02-11T13:10:48","date_gmt":"2022-02-11T16:10:48","guid":{"rendered":"http:\/\/dgospel.com.br\/portal\/?p=10528"},"modified":"2022-02-11T13:10:49","modified_gmt":"2022-02-11T16:10:49","slug":"governo-do-tocantins-alinha-programacao-da-agrotins-2022","status":"publish","type":"post","link":"https:\/\/dgospel.com.br\/portal\/index.php\/2022\/02\/11\/governo-do-tocantins-alinha-programacao-da-agrotins-2022\/","title":{"rendered":"Governo do Tocantins alinha programa\u00e7\u00e3o da Agrotins 2022"},"content":{"rendered":"\n<p>Com o tema \u201cIntegrar, Intensificar para Preservar\u201d, o Governo do Tocantins, por meio da Secretaria da Agricutura, Pecu\u00e1ria e Aquicultura (Seagro), realiza entre os dias 10 e 14 de maio deste ano, a 22\u00aa edi\u00e7\u00e3o da Feira de Tecnologia Agropecu\u00e1ria do Tocantins (Agrotins), de forma presencial, no Parque Agrotecnol\u00f3gico do Tocantins, situado em Palmas.<\/p>\n\n\n\n<p>O planejamento para o evento j\u00e1 est\u00e1 ocorrendo com envolvimento de diversas pastas da administra\u00e7\u00e3o estadual e parceiros da iniciativa privada. Nesse sentido, o presidente do Instituto de Desenvolvimento Rural do Tocantins (Ruraltins), Fabiano Miranda, e equipe se reuniram com o secret\u00e1rio da Seagro, Jaime Caf\u00e9, nessa quinta-feira, 10, para discutir as a\u00e7\u00f5es conjuntas que ser\u00e3o realizadas durante os cinco dias da Agrotins.<\/p>\n\n\n\n<p>\u201cA feira \u00e9 um amplo espa\u00e7o onde apresentamos aos produtores rurais oportunidades de neg\u00f3cios para que possam alavancar suas atividades. E a miss\u00e3o do Ruraltins de levar conhecimento, principalmente aos pequenos produtores rurais, se faz cada vez mais importante neste momento em que o mundo inteiro vem se reinventando. Nosso objetivo&nbsp; \u00e9 elevar o potencial das cadeias produtivas para que alcancem mercados tanto em n\u00edvel nacional, quanto internacional. Para isso, nossos produtores precisam integrar, interagir e adotar as tecnologias dispon\u00edveis para agregar valor aos produtos e ter sustentabilidade\u201d, avaliou Jaime Caf\u00e9.<\/p>\n\n\n\n<p>Durante o encontro, que contou com a presen\u00e7a do coordenador da Agrotins, Fernando Garcia, da Seagro, foram citadas as demandas estruturais, a log\u00edstica das caravanas de produtores rurais e as atividades a serem desenvolvidas pelas duas pastas, bem como os protocolos de preven\u00e7\u00e3o a covid 19, tanto para o p\u00fablico visitante, quanto aos produtores participantes, visando garantir a execu\u00e7\u00e3o do evento de maneira segura e respons\u00e1vel, sem nenhum risco a sa\u00fade.<br><br>Segundo o gestor Fabiano Miranda, em seu planejamento, o Ruraltins traz para o evento o Pavilh\u00e3o da Agricultura Familiar com vitrines tecnol\u00f3gicas voltadas a diversas cadeias produtivas, palestras, capacita\u00e7\u00f5es e exposi\u00e7\u00e3o de produtos t\u00edpicos oriundos do campo. \u201cO Ruraltins tem participa\u00e7\u00e3o estrat\u00e9gica na Agrotins, com mobiliza\u00e7\u00e3o dos produtores em todo interior do Estado, divulgando e orientando como participar da feira. Al\u00e9m disso, os extensionistas do \u00f3rg\u00e3o j\u00e1 preparam as unidades demonstrativas de experimentos validados pela pesquisa que podem ser adotados nas propriedades rurais em prol do crescimento do setor agropecu\u00e1rio no nosso Estado\u201d, pontuou.<\/p>\n\n\n\n<figure class=\"wp-block-image\"><img src=\"https:\/\/central.to.gov.br\/image\/279458?w=670&amp;h=383\" alt=\"\"\/><\/figure>\n\n\n\n<p>Ruraltins e Seagro planejam a 22\u00aa edi\u00e7\u00e3o da Feira de Tecnologia Agropecu\u00e1ria do Tocantins &#8211; L\u00facia Brito\/Governo do Tocantins\u00a0<\/p>\n\n\n\n<figure class=\"wp-block-image\"><img src=\"https:\/\/central.to.gov.br\/image\/279457?w=670&amp;h=383\" alt=\"\"\/><\/figure>\n\n\n\n<p>Com o tema Integrar, Intensificar para Preservar, a Agrotins ocorre entre os dias 10 e 14 de maio &#8211; L\u00facia Brito\/Governo do Tocantins\n\n<\/p>\n","protected":false},"excerpt":{"rendered":"<p>Com o tema \u201cIntegrar, Intensificar para Preservar\u201d, o Governo do Tocantins, por meio da Secretaria da Agricutura, Pecu\u00e1ria e Aquicultura (Seagro), realiza entre os dias 10 e 14 de maio deste ano, a 22\u00aa edi\u00e7\u00e3o da Feira de Tecnologia Agropecu\u00e1ria do Tocantins (Agrotins), de forma presencial, no Parque Agrotecnol\u00f3gico do Tocantins, situado em Palmas. O [&hellip;]<\/p>\n","protected":false},"author":2,"featured_media":10529,"comment_status":"open","ping_status":"open","sticky":false,"template":"","format":"standard","meta":[],"categories":[3],"tags":[13],"_links":{"self":[{"href":"https:\/\/dgospel.com.br\/portal\/index.php\/wp-json\/wp\/v2\/posts\/10528"}],"collection":[{"href":"https:\/\/dgospel.com.br\/portal\/index.php\/wp-json\/wp\/v2\/posts"}],"about":[{"href":"https:\/\/dgospel.com.br\/portal\/index.php\/wp-json\/wp\/v2\/types\/post"}],"author":[{"embeddable":true,"href":"https:\/\/dgospel.com.br\/portal\/index.php\/wp-json\/wp\/v2\/users\/2"}],"replies":[{"embeddable":true,"href":"https:\/\/dgospel.com.br\/portal\/index.php\/wp-json\/wp\/v2\/comments?post=10528"}],"version-history":[{"count":1,"href":"https:\/\/dgospel.com.br\/portal\/index.php\/wp-json\/wp\/v2\/posts\/10528\/revisions"}],"predecessor-version":[{"id":10530,"href":"https:\/\/dgospel.com.br\/portal\/index.php\/wp-json\/wp\/v2\/posts\/10528\/revisions\/10530"}],"wp:featuredmedia":[{"embeddable":true,"href":"https:\/\/dgospel.com.br\/portal\/index.php\/wp-json\/wp\/v2\/media\/10529"}],"wp:attachment":[{"href":"https:\/\/dgospel.com.br\/portal\/index.php\/wp-json\/wp\/v2\/media?parent=10528"}],"wp:term":[{"taxonomy":"category","embeddable":true,"href":"https:\/\/dgospel.com.br\/portal\/index.php\/wp-json\/wp\/v2\/categories?post=10528"},{"taxonomy":"post_tag","embeddable":true,"href":"https:\/\/dgospel.com.br\/portal\/index.php\/wp-json\/wp\/v2\/tags?post=10528"}],"curies":[{"name":"wp","href":"https:\/\/api.w.org\/{rel}","templated":true}]}}