{"id":10531,"date":"2022-02-11T13:30:14","date_gmt":"2022-02-11T16:30:14","guid":{"rendered":"http:\/\/dgospel.com.br\/portal\/?p=10531"},"modified":"2022-02-11T13:30:15","modified_gmt":"2022-02-11T16:30:15","slug":"vereador-nikolas-ferreira-alerta-quando-comecar-a-queimar-igreja-espancar-pastores-talvez-acordem","status":"publish","type":"post","link":"https:\/\/dgospel.com.br\/portal\/index.php\/2022\/02\/11\/vereador-nikolas-ferreira-alerta-quando-comecar-a-queimar-igreja-espancar-pastores-talvez-acordem\/","title":{"rendered":"Vereador Nikolas Ferreira  alerta: \u2018Quando come\u00e7ar a queimar igreja, espancar pastores, talvez acordem\u2019"},"content":{"rendered":"\n<p> O vereador de Belo Horizonte,\u00a0<a href=\"https:\/\/noticias.gospelmais.com.br\/criancas-certidao-nao-binarie-nikolas-ferreira-151702.html\">Nikolas Ferreira (PRTB-MG)<\/a>, usou as suas redes sociais para fazer um alerta aos crist\u00e3os do pa\u00eds, ap\u00f3s o epis\u00f3dio em que uma igreja cat\u00f3lica foi invadida por ativistas ligados \u00e0 esquerda, no \u00faltimo s\u00e1bado (05). Segundo o parlamentar, o fato j\u00e1 estaria caindo no esquecimento. <\/p>\n\n\n\n<p>O parlamentar, que ficou conhecido nacionalmente por sua milit\u00e2ncia pr\u00f3-conservadorismo e sua atua\u00e7\u00e3o junto \u00e0s igrejas evang\u00e9licas, lamentou a falta de uni\u00e3o dos crist\u00e3os cat\u00f3licos e evang\u00e9licos para cobrar solu\u00e7\u00f5es sobre a invas\u00e3o ao templo crist\u00e3o.<\/p>\n\n\n\n<p>\u201cSendo sincero? Achei que haveria uma mobiliza\u00e7\u00e3o maior dos crist\u00e3os, principalmente cat\u00f3licos, em pedir a cassa\u00e7\u00e3o do Vereador do PT (Renato Freitas) que invadiu a igreja em Curitiba\u201d, lamentou o vereador.<\/p>\n\n\n\n<p>\u201cIsso n\u00e3o \u00e9 um ataque, mas uma constata\u00e7\u00e3o triste da realidade. Isso n\u00e3o pode ser esquecido\u201d, continuou Nikolas. O vereador tamb\u00e9m criticou a dispers\u00e3o dos crist\u00e3os ligados \u00e0 milit\u00e2ncia pol\u00edtica, com temas que terminam contribuindo para o esquecimento de situa\u00e7\u00f5es realmente graves.<\/p>\n\n\n\n\n\n<p>\u201cFicam batendo cabe\u00e7a igual barata tonta em pol\u00eamicas di\u00e1rias e enquanto isso um criminoso fica nas sombras. Quando come\u00e7ar a queimar igreja, espancar padres e pastores, a\u00ed talvez \u2013 TALVEZ \u2013 acordam\u201d, criticou o vereador.<\/p>\n\n\n\n<h2>Rea\u00e7\u00e3o contra os invasores<\/h2>\n\n\n\n<p>Em resposta ao vereador, a psic\u00f3loga e presidente do Partido Trabalhista Brasileiro (PTB) do Paran\u00e1,&nbsp;<a href=\"https:\/\/ptb.org.br\/pr\/\">Marisa Lobo<\/a>, afirmou que o caso n\u00e3o cair\u00e1 no esquecimento, tendo em vista que o seu partido protocolou um pedido de cassa\u00e7\u00e3o contra o vereador petista acusado de liderar a invas\u00e3o ao templo cat\u00f3lico.<\/p>\n\n\n\n<p>\u201cVoc\u00ea est\u00e1 certo, precisamos nos unir mais\u201d, disse Marisa em resposta a Nikolas. \u201cMas tamb\u00e9m quero lhe dizer que n\u00f3s aqui do PTB-Paran\u00e1 estamos em cima do caso. Fui pessoalmente na Prefeitura protocolar o pedido de cassa\u00e7\u00e3o do petista, junto aos colegas da executiva estadual.\u201d<\/p>\n\n\n\n<p>\u201cEntramos com uma a\u00e7\u00e3o na Justi\u00e7a e uma representa\u00e7\u00e3o na OAB-PR contra o vereador esquerdopata. Vamos continuar fazendo a nossa parte, e no que depender de mim esse caso N\u00c3O CAIR\u00c1 no esquecimento\u201d, concluiu a psic\u00f3loga.<\/p>\n","protected":false},"excerpt":{"rendered":"<p>O vereador de Belo Horizonte,\u00a0Nikolas Ferreira (PRTB-MG), usou as suas redes sociais para fazer um alerta aos crist\u00e3os do pa\u00eds, ap\u00f3s o epis\u00f3dio em que uma igreja cat\u00f3lica foi invadida por ativistas ligados \u00e0 esquerda, no \u00faltimo s\u00e1bado (05). Segundo o parlamentar, o fato j\u00e1 estaria caindo no esquecimento. O parlamentar, que ficou conhecido nacionalmente [&hellip;]<\/p>\n","protected":false},"author":2,"featured_media":10532,"comment_status":"open","ping_status":"open","sticky":false,"template":"","format":"standard","meta":[],"categories":[5,4],"tags":[],"_links":{"self":[{"href":"https:\/\/dgospel.com.br\/portal\/index.php\/wp-json\/wp\/v2\/posts\/10531"}],"collection":[{"href":"https:\/\/dgospel.com.br\/portal\/index.php\/wp-json\/wp\/v2\/posts"}],"about":[{"href":"https:\/\/dgospel.com.br\/portal\/index.php\/wp-json\/wp\/v2\/types\/post"}],"author":[{"embeddable":true,"href":"https:\/\/dgospel.com.br\/portal\/index.php\/wp-json\/wp\/v2\/users\/2"}],"replies":[{"embeddable":true,"href":"https:\/\/dgospel.com.br\/portal\/index.php\/wp-json\/wp\/v2\/comments?post=10531"}],"version-history":[{"count":1,"href":"https:\/\/dgospel.com.br\/portal\/index.php\/wp-json\/wp\/v2\/posts\/10531\/revisions"}],"predecessor-version":[{"id":10533,"href":"https:\/\/dgospel.com.br\/portal\/index.php\/wp-json\/wp\/v2\/posts\/10531\/revisions\/10533"}],"wp:featuredmedia":[{"embeddable":true,"href":"https:\/\/dgospel.com.br\/portal\/index.php\/wp-json\/wp\/v2\/media\/10532"}],"wp:attachment":[{"href":"https:\/\/dgospel.com.br\/portal\/index.php\/wp-json\/wp\/v2\/media?parent=10531"}],"wp:term":[{"taxonomy":"category","embeddable":true,"href":"https:\/\/dgospel.com.br\/portal\/index.php\/wp-json\/wp\/v2\/categories?post=10531"},{"taxonomy":"post_tag","embeddable":true,"href":"https:\/\/dgospel.com.br\/portal\/index.php\/wp-json\/wp\/v2\/tags?post=10531"}],"curies":[{"name":"wp","href":"https:\/\/api.w.org\/{rel}","templated":true}]}}