{"id":10551,"date":"2022-02-14T22:07:07","date_gmt":"2022-02-15T01:07:07","guid":{"rendered":"http:\/\/dgospel.com.br\/portal\/?p=10551"},"modified":"2022-02-14T22:07:09","modified_gmt":"2022-02-15T01:07:09","slug":"no-ceara-mais-de-300-pessoas-se-rendem-a-cristo-durante-culto","status":"publish","type":"post","link":"https:\/\/dgospel.com.br\/portal\/index.php\/2022\/02\/14\/no-ceara-mais-de-300-pessoas-se-rendem-a-cristo-durante-culto\/","title":{"rendered":"No Cear\u00e1, mais de 300 pessoas se rendem a Cristo durante culto"},"content":{"rendered":"\n<p>No \u00faltimo s\u00e1bado (12), uma noite de avivamento foi registrada no templo do Minist\u00e9rio Cana\u00e3, em Fortaleza (CE). Em um culto jovem, foram registradas mais de 346 vidas rendidas a Cristo.<\/p>\n\n\n\n<p>Ao\u00a0<strong>Pleno.News<\/strong>, o pastor Davi Goes disse que o n\u00famero de convertidos pode ter sido ainda maior. Ele tamb\u00e9m explicou que a igreja se preparou com jejum, ora\u00e7\u00e3o e consagra\u00e7\u00e3o antes do culto evangel\u00edstico.<\/p>\n\n\n\n<p>\u2013 Bem, o que aconteceu s\u00e1bado foi um culto de jovens em nossa igreja. Nossa igreja, hoje \u00e9 um grande templo, o maior do estado. T\u00ednhamos o prop\u00f3sito de realizar um grande evento evangel\u00edstico, um culto evangel\u00edstico. E a nossa igreja tem vivido momentos dolorosos na pandemia, [pois] perdemos amigos, irm\u00e3os, pastores. Nos empenhamos nesse in\u00edcio de 2022 para buscarmos mais ao Senhor em jejum, em ora\u00e7\u00e3o, e pedimos ao Senhor que nesse culto, o primeiro culto de jovens do ano, tiv\u00e9ssemos um grande milagre para que pud\u00e9ssemos sentir um pouco do gosto do avivamento, do prazer de ganhar almas\u2026 do que j\u00e1 aconteceu no passado com grandes homens como Billy Graham, Jimmy Swaggart. O Deus que operou no passado \u00e9 o mesmo Deus que opera hoje. Ent\u00e3o, n\u00f3s come\u00e7amos a buscar isso em ora\u00e7\u00e3o, jejum, consagra\u00e7\u00e3o. E s\u00e1bado realizamos esse grande culto. Muitas vidas se entregaram a Jesus. Na verdade, a gente cr\u00ea que [o n\u00famero] chegou a mais de 400 vidas, porque chegou um momento em que n\u00e3o dava mais para contar. Jovens come\u00e7aram a ser batizados com o Esp\u00edrito Santo, come\u00e7aram a ser renovados, e, de repente, a gente tinha uma multid\u00e3o t\u00e3o grande de jovens se entregando a Cristo que chegamos a essa contagem de 346 pessoas. Mas passou disso. A gente calcula que tenha chegado a 400, 410 jovens e adultos. N\u00e3o era um culto aberto; n\u00e3o era um evento pago. Era um culto na igreja. E, de repente, a gente viu ali o Esp\u00edrito Santo descer sobre aquele lugar e trazer, realmente, uma chama do avivamento. Eu vejo que n\u00e3o se d\u00e1 isso por conta da pandemia; vejo que \u00e9 realmente uma a\u00e7\u00e3o do Esp\u00edrito Santo.<\/p>\n\n\n\n<p>Goes pregou sobre Joel 2:28 e deu destaque \u00e0 volta de Jesus para buscar sua Igreja no arrebatamento.<\/p>\n\n\n\n<p>\u2013 Ver aquelas vidas ali realmente \u00e9 inexplic\u00e1vel. N\u00e3o tem como mensurar aqui com palavras aquilo que o Esp\u00edrito Santo reservou e nos revelou naquele dia. N\u00f3s realmente ficamos anestesiados com a gl\u00f3ria de Deus descendo naquele lugar. As pessoas desciam para se entregar a Cristo chorando, j\u00e1 se ajoelhando e se prostrando. Foi t\u00e3o forte que as pessoas vinham e ficavam coladas no altar, dizendo: \u201cSenhor, me salva\u201d. A palavra que ministrei naquele dia foi Joel 2:28, falando sobre o dia do ju\u00edzo de Deus. Preguei sobre o arrebatamento da Igreja, a volta de Jesus. Citei Mateus 24, [texto] em que Jesus nos falou sobre a chegada do dia do ju\u00edzo de Deus. Eu creio que tenha sido realmente um agir do Esp\u00edrito Santo. [\u2026] E creio que isso pode acontecer em qualquer igreja. A Palavra de Deus mostra que, quanto mais eu busco ao Senhor de todo o meu cora\u00e7\u00e3o, mais Ele atende o nosso clamor e a nossa ora\u00e7\u00e3o.<\/p>\n\n\n\n<p>A programa\u00e7\u00e3o contou com a participa\u00e7\u00e3o do cantor Leandro Borges.<\/p>\n\n\n\n<p>\u2013 O cantor Leandro Borges estava conosco, e ele ficou surpreso. Disse que nunca tinha visto isso na carreira dele de cantor. Ficou t\u00e3o surpreso que teve um momento que ele se derramou em l\u00e1grimas em cima do altar, falando em l\u00ednguas, profetizando \u2013 relatou o pastor.<\/p>\n\n\n\n<figure class=\"wp-block-image\"><img src=\"https:\/\/static.cdn.pleno.news\/2022\/02\/WhatsApp-Image-2022-02-14-at-16.07.57-5-768x512.jpeg\" alt=\"No Cear\u00e1, mais de 300 pessoas se rendem a Cristo durante culto\"\/><figcaption>No Cear\u00e1, mais de 300 pessoas se rendem a Cristo durante culto&nbsp;\/ Foto: Romulo Ribeiro e Thiago Severiano\/ Minist\u00e9rio Cana\u00e3 Sede<\/figcaption><\/figure>\n\n\n\n<figure class=\"wp-block-image\"><img src=\"https:\/\/static.cdn.pleno.news\/2022\/02\/WhatsApp-Image-2022-02-14-at-16.07.57-2-768x512.jpeg\" alt=\"No Cear\u00e1, mais de 300 pessoas se rendem a Cristo durante culto\"\/><figcaption>No Cear\u00e1, mais de 300 pessoas se rendem a Cristo durante culto&nbsp;\/ Foto: Romulo Ribeiro e Thiago Severiano\/ Minist\u00e9rio Cana\u00e3 Sede<\/figcaption><\/figure>\n\n\n\n<figure class=\"wp-block-image\"><img src=\"https:\/\/static.cdn.pleno.news\/2022\/02\/WhatsApp-Image-2022-02-14-at-16.06.52-1-768x512.jpeg\" alt=\"No Cear\u00e1, mais de 300 pessoas se rendem a Cristo durante culto\"\/><figcaption>No Cear\u00e1, mais de 300 pessoas se rendem a Cristo durante culto&nbsp;\/ Foto: Romulo Ribeiro e Thiago Severiano\/ Minist\u00e9rio Cana\u00e3 Sede<\/figcaption><\/figure>\n\n\n\n<figure class=\"wp-block-image\"><img src=\"https:\/\/static.cdn.pleno.news\/2022\/02\/WhatsApp-Image-2022-02-14-at-16.07.57-4-768x512.jpeg\" alt=\"No Cear\u00e1, mais de 300 pessoas se rendem a Cristo durante culto\"\/><figcaption>No Cear\u00e1, mais de 300 pessoas se rendem a Cristo durante culto&nbsp;\/ Foto: Romulo Ribeiro e Thiago Severiano\/ Minist\u00e9rio Cana\u00e3 Sede<\/figcaption><\/figure>\n\n\n\n<figure class=\"wp-block-image\"><img src=\"https:\/\/static.cdn.pleno.news\/2022\/02\/WhatsApp-Image-2022-02-14-at-16.06.52-2-768x512.jpeg\" alt=\"No Cear\u00e1, mais de 300 pessoas se rendem a Cristo durante culto\"\/><figcaption>No Cear\u00e1, mais de 300 pessoas se rendem a Cristo durante culto&nbsp;\/ Foto: Romulo Ribeiro e Thiago Severiano\/ Minist\u00e9rio Cana\u00e3 Sede<\/figcaption><\/figure>\n\n\n\n<figure class=\"wp-block-image\"><img src=\"https:\/\/static.cdn.pleno.news\/2022\/02\/WhatsApp-Image-2022-02-14-at-16.06.52-768x498.jpeg\" alt=\"No Cear\u00e1, mais de 300 pessoas se rendem a Cristo durante culto\"\/><figcaption>No Cear\u00e1, mais de 300 pessoas se rendem a Cristo durante culto&nbsp;\/ Foto: Romulo Ribeiro e Thiago Severiano\/ Minist\u00e9rio Cana\u00e3 Sede<\/figcaption><\/figure>\n\n\n\n<figure class=\"wp-block-image\"><img src=\"https:\/\/static.cdn.pleno.news\/2022\/02\/WhatsApp-Image-2022-02-14-at-16.07.57-3-768x512.jpeg\" alt=\"No Cear\u00e1, mais de 300 pessoas se rendem a Cristo durante culto\"\/><figcaption>No Cear\u00e1, mais de 300 pessoas se rendem a Cristo durante culto&nbsp;\/ Foto: Romulo Ribeiro e Thiago Severiano\/ Minist\u00e9rio Cana\u00e3 Sede<\/figcaption><\/figure>\n\n\n\n<figure class=\"wp-block-image\"><img src=\"https:\/\/static.cdn.pleno.news\/2022\/02\/WhatsApp-Image-2022-02-14-at-16.07.24-768x512.jpeg\" alt=\"No Cear\u00e1, mais de 300 pessoas se rendem a Cristo durante culto\"\/><figcaption>No Cear\u00e1, mais de 300 pessoas se rendem a Cristo durante culto&nbsp;\/ Foto: Romulo Ribeiro e Thiago Severiano\/ Minist\u00e9rio Cana\u00e3 Sede<\/figcaption><\/figure>\n\n\n\n<figure class=\"wp-block-image\"><img src=\"https:\/\/static.cdn.pleno.news\/2022\/02\/WhatsApp-Image-2022-02-14-at-16.07.24-1-768x557.jpeg\" alt=\"No Cear\u00e1, mais de 300 pessoas se rendem a Cristo durante culto\"\/><figcaption>No Cear\u00e1, mais de 300 pessoas se rendem a Cristo durante culto&nbsp;\/ Foto: Romulo Ribeiro e Thiago Severiano\/ Minist\u00e9rio Cana\u00e3 Sede<\/figcaption><\/figure>\n\n\n\n<figure class=\"wp-block-image\"><img src=\"https:\/\/static.cdn.pleno.news\/2022\/02\/WhatsApp-Image-2022-02-14-at-16.07.57-1-768x512.jpeg\" alt=\"No Cear\u00e1, mais de 300 pessoas se rendem a Cristo durante culto\"\/><figcaption>No Cear\u00e1, mais de 300 pessoas se rendem a Cristo durante culto&nbsp;\/ Foto: Romulo Ribeiro e Thiago Severiano\/ Minist\u00e9rio Cana\u00e3 Sede<\/figcaption><\/figure>\n\n\n\n<figure class=\"wp-block-image\"><img src=\"https:\/\/static.cdn.pleno.news\/2022\/02\/WhatsApp-Image-2022-02-14-at-16.07.57-768x512.jpeg\" alt=\"No Cear\u00e1, mais de 300 pessoas se rendem a Cristo durante culto\"\/><figcaption>No Cear\u00e1, mais de 300 pessoas se rendem a Cristo durante culto&nbsp;\/ Foto: Romulo Ribeiro e Thiago Severiano\/ Minist\u00e9rio Cana\u00e3 Sede<\/figcaption><\/figure>\n\n\n\n<figure class=\"wp-block-image\"><img src=\"https:\/\/static.cdn.pleno.news\/2022\/02\/WhatsApp-Image-2022-02-14-at-16.07.56-1-768x512.jpeg\" alt=\"No Cear\u00e1, mais de 300 pessoas se rendem a Cristo durante culto\"\/><figcaption>No Cear\u00e1, mais de 300 pessoas se rendem a Cristo durante culto&nbsp;\/ Foto: Romulo Ribeiro e Thiago Severiano\/ Minist\u00e9rio Cana\u00e3 Sede<\/figcaption><\/figure>\n\n\n\n<figure class=\"wp-block-image\"><img src=\"https:\/\/static.cdn.pleno.news\/2022\/02\/WhatsApp-Image-2022-02-14-at-16.07.56-768x512.jpeg\" alt=\"No Cear\u00e1, mais de 300 pessoas se rendem a Cristo durante culto\"\/><figcaption>No Cear\u00e1, mais de 300 pessoas se rendem a Cristo durante culto&nbsp;\/ Foto: Romulo Ribeiro e Thiago Severiano\/ Minist\u00e9rio Cana\u00e3 Sede<\/figcaption><\/figure>\n\n\n\n<figure class=\"wp-block-image\"><img src=\"https:\/\/static.cdn.pleno.news\/2022\/02\/WhatsApp-Image-2022-02-14-at-16.06.52-4-768x512.jpeg\" alt=\"No Cear\u00e1, mais de 300 pessoas se rendem a Cristo durante culto\"\/><figcaption>No Cear\u00e1, mais de 300 pessoas se rendem a Cristo durante culto&nbsp;\/ Foto: Romulo Ribeiro e Thiago Severiano\/ Minist\u00e9rio Cana\u00e3 Sede<\/figcaption><\/figure>\n\n\n\n<figure class=\"wp-block-image\"><img src=\"https:\/\/static.cdn.pleno.news\/2022\/02\/WhatsApp-Image-2022-02-14-at-16.06.53-768x512.jpeg\" alt=\"No Cear\u00e1, mais de 300 pessoas se rendem a Cristo durante culto\"\/><figcaption>No Cear\u00e1, mais de 300 pessoas se rendem a Cristo durante culto&nbsp;\/ Foto: Romulo Ribeiro e Thiago Severiano\/ Minist\u00e9rio Cana\u00e3 Sede<\/figcaption><\/figure>\n\n\n\n<figure class=\"wp-block-image\"><img src=\"https:\/\/static.cdn.pleno.news\/2022\/02\/WhatsApp-Image-2022-02-14-at-16.07.24-2-768x554.jpeg\" alt=\"No Cear\u00e1, mais de 300 pessoas se rendem a Cristo durante culto\"\/><figcaption>No Cear\u00e1, mais de 300 pessoas se rendem a Cristo durante culto&nbsp;\/ Foto: Romulo Ribeiro e Thiago Severiano\/ Minist\u00e9rio Cana\u00e3 Sede<\/figcaption><\/figure>\n\n\n\n<ul><li>1&nbsp;de 16<\/li><\/ul>\n","protected":false},"excerpt":{"rendered":"<p>No \u00faltimo s\u00e1bado (12), uma noite de avivamento foi registrada no templo do Minist\u00e9rio Cana\u00e3, em Fortaleza (CE). Em um culto jovem, foram registradas mais de 346 vidas rendidas a Cristo. Ao\u00a0Pleno.News, o pastor Davi Goes disse que o n\u00famero de convertidos pode ter sido ainda maior. Ele tamb\u00e9m explicou que a igreja se preparou [&hellip;]<\/p>\n","protected":false},"author":2,"featured_media":10552,"comment_status":"open","ping_status":"open","sticky":false,"template":"","format":"standard","meta":[],"categories":[5],"tags":[],"_links":{"self":[{"href":"https:\/\/dgospel.com.br\/portal\/index.php\/wp-json\/wp\/v2\/posts\/10551"}],"collection":[{"href":"https:\/\/dgospel.com.br\/portal\/index.php\/wp-json\/wp\/v2\/posts"}],"about":[{"href":"https:\/\/dgospel.com.br\/portal\/index.php\/wp-json\/wp\/v2\/types\/post"}],"author":[{"embeddable":true,"href":"https:\/\/dgospel.com.br\/portal\/index.php\/wp-json\/wp\/v2\/users\/2"}],"replies":[{"embeddable":true,"href":"https:\/\/dgospel.com.br\/portal\/index.php\/wp-json\/wp\/v2\/comments?post=10551"}],"version-history":[{"count":1,"href":"https:\/\/dgospel.com.br\/portal\/index.php\/wp-json\/wp\/v2\/posts\/10551\/revisions"}],"predecessor-version":[{"id":10553,"href":"https:\/\/dgospel.com.br\/portal\/index.php\/wp-json\/wp\/v2\/posts\/10551\/revisions\/10553"}],"wp:featuredmedia":[{"embeddable":true,"href":"https:\/\/dgospel.com.br\/portal\/index.php\/wp-json\/wp\/v2\/media\/10552"}],"wp:attachment":[{"href":"https:\/\/dgospel.com.br\/portal\/index.php\/wp-json\/wp\/v2\/media?parent=10551"}],"wp:term":[{"taxonomy":"category","embeddable":true,"href":"https:\/\/dgospel.com.br\/portal\/index.php\/wp-json\/wp\/v2\/categories?post=10551"},{"taxonomy":"post_tag","embeddable":true,"href":"https:\/\/dgospel.com.br\/portal\/index.php\/wp-json\/wp\/v2\/tags?post=10551"}],"curies":[{"name":"wp","href":"https:\/\/api.w.org\/{rel}","templated":true}]}}