{"id":10554,"date":"2022-02-14T22:12:46","date_gmt":"2022-02-15T01:12:46","guid":{"rendered":"http:\/\/dgospel.com.br\/portal\/?p=10554"},"modified":"2022-02-14T22:12:47","modified_gmt":"2022-02-15T01:12:47","slug":"lewandowski-universidades-podem-exigir-passaporte-vacinal","status":"publish","type":"post","link":"https:\/\/dgospel.com.br\/portal\/index.php\/2022\/02\/14\/lewandowski-universidades-podem-exigir-passaporte-vacinal\/","title":{"rendered":"Lewandowski: Universidades podem exigir passaporte vacinal"},"content":{"rendered":"\n<p>O ministro Ricardo Lewandowski, do Supremo Tribunal Federal (STF), votou contra a portaria do Minist\u00e9rio da Educa\u00e7\u00e3o que pro\u00edbe a exig\u00eancia do passaporte da vacina em universidades e institui\u00e7\u00f5es federais. O voto do magistrado ocorreu nesta sexta-feira (11), no \u00e2mbito de um julgamento do STF contra o ato estabelecido pelo MEC no final do ano passado.<\/p>\n\n\n\n<p>A medida do MEC est\u00e1 suspensa desde 31 de dezembro, por decis\u00e3o liminar do pr\u00f3prio Lewandowski, relator de uma a\u00e7\u00e3o apresentada pelo PSB contra o despacho do governo. A medida da pasta n\u00e3o autorizava as institui\u00e7\u00f5es federais de ensino a exigirem a vacina\u00e7\u00e3o contra a Covid-19 como condicionante para a volta das atividades em sala de aula.<\/p>\n\n\n\n<p>No dia antes da suspens\u00e3o, em 30 de dezembro, foi publicado no Di\u00e1rio Oficial da Uni\u00e3o um despacho do ministro da Educa\u00e7\u00e3o, Milton Ribeiro, que determinava a aplica\u00e7\u00e3o de protocolos sanit\u00e1rios para evitar o cont\u00e1gio pelo novo coronav\u00edrus e barrava a cobran\u00e7a de imuniza\u00e7\u00e3o. Ribeiro argumentou que exigir a vacina seria uma forma indireta de torn\u00e1-la compuls\u00f3ria, o que, segundo ele, s\u00f3 poderia ser feito por meio de lei.<\/p>\n\n\n\n<p>\u2013 A previs\u00e3o da autonomia universit\u00e1ria revela a impossibilidade de exerc\u00edcio de tutela ou indevida inger\u00eancia no \u00e2mago pr\u00f3prio das suas fun\u00e7\u00f5es, assegurando \u00e0 universidade a discricionariedade de dispor ou propor (legislativamente) sobre sua estrutura e funcionamento administrativo \u2013 diz trecho do voto de Lewandowski, em plen\u00e1rio virtual na \u00faltima sexta-feira (11).<\/p>\n\n\n\n<p>O relator tamb\u00e9m disse que o ato do Minist\u00e9rio da Educa\u00e7\u00e3o desrespeita alguns artigos da Constitui\u00e7\u00e3o, como os que dizem que a educa\u00e7\u00e3o e a sa\u00fade s\u00e3o direitos sociais e que a educa\u00e7\u00e3o \u00e9 direito de todos e dever do Estado, \u201ccolocando em risco os ideais que regem o ensino em nosso pa\u00eds e em outras na\u00e7\u00f5es pautadas pelos c\u00e2nones da democracia\u201d.<\/p>\n\n\n\n<p>Os demais ministros t\u00eam at\u00e9 a pr\u00f3xima sexta-feira (18) para declarar seus votos.<\/p>\n","protected":false},"excerpt":{"rendered":"<p>O ministro Ricardo Lewandowski, do Supremo Tribunal Federal (STF), votou contra a portaria do Minist\u00e9rio da Educa\u00e7\u00e3o que pro\u00edbe a exig\u00eancia do passaporte da vacina em universidades e institui\u00e7\u00f5es federais. O voto do magistrado ocorreu nesta sexta-feira (11), no \u00e2mbito de um julgamento do STF contra o ato estabelecido pelo MEC no final do ano [&hellip;]<\/p>\n","protected":false},"author":2,"featured_media":10555,"comment_status":"open","ping_status":"open","sticky":false,"template":"","format":"standard","meta":[],"categories":[4],"tags":[14],"_links":{"self":[{"href":"https:\/\/dgospel.com.br\/portal\/index.php\/wp-json\/wp\/v2\/posts\/10554"}],"collection":[{"href":"https:\/\/dgospel.com.br\/portal\/index.php\/wp-json\/wp\/v2\/posts"}],"about":[{"href":"https:\/\/dgospel.com.br\/portal\/index.php\/wp-json\/wp\/v2\/types\/post"}],"author":[{"embeddable":true,"href":"https:\/\/dgospel.com.br\/portal\/index.php\/wp-json\/wp\/v2\/users\/2"}],"replies":[{"embeddable":true,"href":"https:\/\/dgospel.com.br\/portal\/index.php\/wp-json\/wp\/v2\/comments?post=10554"}],"version-history":[{"count":1,"href":"https:\/\/dgospel.com.br\/portal\/index.php\/wp-json\/wp\/v2\/posts\/10554\/revisions"}],"predecessor-version":[{"id":10556,"href":"https:\/\/dgospel.com.br\/portal\/index.php\/wp-json\/wp\/v2\/posts\/10554\/revisions\/10556"}],"wp:featuredmedia":[{"embeddable":true,"href":"https:\/\/dgospel.com.br\/portal\/index.php\/wp-json\/wp\/v2\/media\/10555"}],"wp:attachment":[{"href":"https:\/\/dgospel.com.br\/portal\/index.php\/wp-json\/wp\/v2\/media?parent=10554"}],"wp:term":[{"taxonomy":"category","embeddable":true,"href":"https:\/\/dgospel.com.br\/portal\/index.php\/wp-json\/wp\/v2\/categories?post=10554"},{"taxonomy":"post_tag","embeddable":true,"href":"https:\/\/dgospel.com.br\/portal\/index.php\/wp-json\/wp\/v2\/tags?post=10554"}],"curies":[{"name":"wp","href":"https:\/\/api.w.org\/{rel}","templated":true}]}}