{"id":10563,"date":"2022-02-16T16:00:20","date_gmt":"2022-02-16T19:00:20","guid":{"rendered":"http:\/\/dgospel.com.br\/portal\/?p=10563"},"modified":"2022-02-16T16:00:21","modified_gmt":"2022-02-16T19:00:21","slug":"bolsonaro-e-putin-discutiram-cooperacao-militar-entre-paises","status":"publish","type":"post","link":"https:\/\/dgospel.com.br\/portal\/index.php\/2022\/02\/16\/bolsonaro-e-putin-discutiram-cooperacao-militar-entre-paises\/","title":{"rendered":"Bolsonaro e Putin discutiram coopera\u00e7\u00e3o militar entre pa\u00edses"},"content":{"rendered":"\n<p>O comunicado oficial do encontro entre os presidentes Jair Bolsonaro e Vladimir Putin, que aconteceu nesta quarta-feira (16), diz que os dois pa\u00edses discutiram as perspectivas de fortalecimento da coopera\u00e7\u00e3o e interc\u00e2mbio militar bilateral.<\/p>\n\n\n\n<p>Segundo o comunicado, os presidentes manifestaram ainda interesse compartilhado em estimular a coopera\u00e7\u00e3o em outras esferas da atividade espacial com fins pac\u00edficos e \u201cexpressaram preocupa\u00e7\u00e3o com o aumento da instabilidade em diferentes partes do mundo, coincidindo na necessidade de que os conflitos sejam solucionados por meios pac\u00edficos e pelo engajamento diplom\u00e1tico\u201d.<\/p>\n\n\n\n<p>Para Bolsonaro e Putin, o G-20 deve ter papel central na coopera\u00e7\u00e3o econ\u00f4mica internacional e a Organiza\u00e7\u00e3o Mundial do Com\u00e9rcio (OMC) deve ser fortalecida, diz o Itamaraty. O texto acrescenta que \u201cos presidentes encorajaram o di\u00e1logo entre o Mercosul e a Uni\u00e3o Econ\u00f4mica Euroasi\u00e1tica\u201d.<\/p>\n\n\n\n<figure class=\"wp-block-image\"><img src=\"https:\/\/static.cdn.pleno.news\/2022\/02\/51885723345_82ac18346a_c-768x512.jpg\" alt=\"Bolsonaro se encontra com Putin em Moscou e cita colabora\u00e7\u00e3o\"\/><figcaption>Bolsonaro se encontra com Putin em Moscou e cita colabora\u00e7\u00e3o&nbsp;\/ Foto: Alan Santos\/PR<\/figcaption><\/figure>\n\n\n\n<figure class=\"wp-block-image\"><img src=\"https:\/\/static.cdn.pleno.news\/2022\/02\/51885393779_195220166f_c-768x512.jpg\" alt=\"Bolsonaro se encontra com Putin em Moscou e cita colabora\u00e7\u00e3o\"\/><figcaption>Bolsonaro se encontra com Putin em Moscou e cita colabora\u00e7\u00e3o&nbsp;\/ Foto: Alan Santos\/PR<\/figcaption><\/figure>\n\n\n\n<figure class=\"wp-block-image\"><img src=\"https:\/\/static.cdn.pleno.news\/2022\/02\/51885150098_091d528271_c-768x512.jpg\" alt=\"Bolsonaro se encontra com Putin em Moscou e cita colabora\u00e7\u00e3o\"\/><figcaption>Bolsonaro se encontra com Putin em Moscou e cita colabora\u00e7\u00e3o&nbsp;\/ Foto: Alan Santos\/PR<\/figcaption><\/figure>\n\n\n\n<figure class=\"wp-block-image\"><img src=\"https:\/\/static.cdn.pleno.news\/2022\/02\/51885778220_e3db5ab719_c-1-768x512.jpg\" alt=\"Bolsonaro se encontra com Putin em Moscou e cita colabora\u00e7\u00e3o\"\/><figcaption>Bolsonaro se encontra com Putin em Moscou e cita colabora\u00e7\u00e3o&nbsp;\/ Foto: Oficial Kremlin\/PR<\/figcaption><\/figure>\n\n\n\n<figure class=\"wp-block-image\"><img src=\"https:\/\/static.cdn.pleno.news\/2022\/02\/51884159492_6bb39615bb_c-768x512.jpg\" alt=\"Bolsonaro se encontra com Putin em Moscou e cita colabora\u00e7\u00e3o\"\/><figcaption>Bolsonaro se encontra com Putin em Moscou e cita colabora\u00e7\u00e3o&nbsp;\/ Foto: Oficial Kremlin\/PR<\/figcaption><\/figure>\n\n\n\n<figure class=\"wp-block-image\"><img src=\"https:\/\/static.cdn.pleno.news\/2022\/02\/51885127461_80a7ddab42_c-768x512.jpg\" alt=\"Bolsonaro se encontra com Putin em Moscou e cita colabora\u00e7\u00e3o\"\/><figcaption>Bolsonaro se encontra com Putin em Moscou e cita colabora\u00e7\u00e3o&nbsp;\/ Foto: Oficial Kremlin\/PR<\/figcaption><\/figure>\n\n\n\n<figure class=\"wp-block-image\"><img src=\"https:\/\/static.cdn.pleno.news\/2022\/02\/51885449019_32ca87016e_c-768x512.jpg\" alt=\"Bolsonaro se encontra com Putin em Moscou e cita colabora\u00e7\u00e3o\"\/><figcaption>Bolsonaro se encontra com Putin em Moscou e cita colabora\u00e7\u00e3o&nbsp;\/ Foto: Oficial Kremlin\/PR<\/figcaption><\/figure>\n\n\n\n<figure class=\"wp-block-image\"><img src=\"https:\/\/static.cdn.pleno.news\/2022\/02\/51885206283_d9797d8a03_c-768x512.jpg\" alt=\"Bolsonaro se encontra com Putin em Moscou e cita colabora\u00e7\u00e3o\"\/><figcaption>Bolsonaro se encontra com Putin em Moscou e cita colabora\u00e7\u00e3o&nbsp;\/ Foto: Oficial Kremlin\/PR<\/figcaption><\/figure>\n\n\n\n<figure class=\"wp-block-image\"><img src=\"https:\/\/static.cdn.pleno.news\/2022\/02\/51885206553_6aafc531fe_c-768x512.jpg\" alt=\"Bolsonaro se encontra com Putin em Moscou e cita colabora\u00e7\u00e3o\"\/><figcaption>Bolsonaro se encontra com Putin em Moscou e cita colabora\u00e7\u00e3o&nbsp;\/ Foto: Oficial Kremlin\/PR<\/figcaption><\/figure>\n\n\n\n<figure class=\"wp-block-image\"><img src=\"https:\/\/static.cdn.pleno.news\/2022\/02\/51885206643_a1e899312e_c-768x512.jpg\" alt=\"Bolsonaro se encontra com Putin em Moscou e cita colabora\u00e7\u00e3o\"\/><figcaption>Bolsonaro se encontra com Putin em Moscou e cita colabora\u00e7\u00e3o&nbsp;\/ Foto: Oficial Kremlin\/PR<\/figcaption><\/figure>\n\n\n\n<ul><li>1&nbsp;de 10<\/li><\/ul>\n\n\n\n<p><strong>VISITA DE PUTIN<br><\/strong>O comunicado oficial do encontro entre os presidentes diz ainda que \u201cJair Bolsonaro agradeceu a hospitalidade da parte russa durante a sua estada em Moscou e convidou o presidente Vladimir Putin a realizar visita ao Brasil. O convite foi aceito com satisfa\u00e7\u00e3o. As datas da visita ser\u00e3o acordadas pelos canais diplom\u00e1ticos\u201d, diz o texto.<\/p>\n\n\n\n<p>Bolsonaro realiza visita oficial a Moscou, de onde deve sair, nesta quinta-feira (17), para Budapeste, capital da Hungria, para agenda com o primeiro-ministro Viktor Orb\u00e1n, considerado um nacionalista de extrema-direita.<\/p>\n\n\n\n<p>*AESiga-nos nas nossas redes!&nbsp;\n\n<\/p>\n","protected":false},"excerpt":{"rendered":"<p>O comunicado oficial do encontro entre os presidentes Jair Bolsonaro e Vladimir Putin, que aconteceu nesta quarta-feira (16), diz que os dois pa\u00edses discutiram as perspectivas de fortalecimento da coopera\u00e7\u00e3o e interc\u00e2mbio militar bilateral. Segundo o comunicado, os presidentes manifestaram ainda interesse compartilhado em estimular a coopera\u00e7\u00e3o em outras esferas da atividade espacial com fins [&hellip;]<\/p>\n","protected":false},"author":2,"featured_media":10564,"comment_status":"open","ping_status":"open","sticky":false,"template":"","format":"standard","meta":[],"categories":[4],"tags":[],"_links":{"self":[{"href":"https:\/\/dgospel.com.br\/portal\/index.php\/wp-json\/wp\/v2\/posts\/10563"}],"collection":[{"href":"https:\/\/dgospel.com.br\/portal\/index.php\/wp-json\/wp\/v2\/posts"}],"about":[{"href":"https:\/\/dgospel.com.br\/portal\/index.php\/wp-json\/wp\/v2\/types\/post"}],"author":[{"embeddable":true,"href":"https:\/\/dgospel.com.br\/portal\/index.php\/wp-json\/wp\/v2\/users\/2"}],"replies":[{"embeddable":true,"href":"https:\/\/dgospel.com.br\/portal\/index.php\/wp-json\/wp\/v2\/comments?post=10563"}],"version-history":[{"count":1,"href":"https:\/\/dgospel.com.br\/portal\/index.php\/wp-json\/wp\/v2\/posts\/10563\/revisions"}],"predecessor-version":[{"id":10565,"href":"https:\/\/dgospel.com.br\/portal\/index.php\/wp-json\/wp\/v2\/posts\/10563\/revisions\/10565"}],"wp:featuredmedia":[{"embeddable":true,"href":"https:\/\/dgospel.com.br\/portal\/index.php\/wp-json\/wp\/v2\/media\/10564"}],"wp:attachment":[{"href":"https:\/\/dgospel.com.br\/portal\/index.php\/wp-json\/wp\/v2\/media?parent=10563"}],"wp:term":[{"taxonomy":"category","embeddable":true,"href":"https:\/\/dgospel.com.br\/portal\/index.php\/wp-json\/wp\/v2\/categories?post=10563"},{"taxonomy":"post_tag","embeddable":true,"href":"https:\/\/dgospel.com.br\/portal\/index.php\/wp-json\/wp\/v2\/tags?post=10563"}],"curies":[{"name":"wp","href":"https:\/\/api.w.org\/{rel}","templated":true}]}}