{"id":10566,"date":"2022-02-16T16:07:56","date_gmt":"2022-02-16T19:07:56","guid":{"rendered":"http:\/\/dgospel.com.br\/portal\/?p=10566"},"modified":"2022-02-16T16:07:57","modified_gmt":"2022-02-16T19:07:57","slug":"projeto-de-lei-do-vereador-rubens-uchoa-propoe-regulamentacao-dos-motobox","status":"publish","type":"post","link":"https:\/\/dgospel.com.br\/portal\/index.php\/2022\/02\/16\/projeto-de-lei-do-vereador-rubens-uchoa-propoe-regulamentacao-dos-motobox\/","title":{"rendered":"Projeto de Lei do Vereador Rubens Uch\u00f4a prop\u00f5e regulamenta\u00e7\u00e3o dos \u201cmotobox\u201d"},"content":{"rendered":"\n<p>O vereador Rubens Uch\u00f4a\n(Cidadania) apresentou um projeto de lei (PL) de sua autoria, onde pede a\nimplanta\u00e7\u00e3o de \u201cmotobox\u201d (faixas de reten\u00e7\u00e3o e recuo, exclusivas para\nmotocicletas) no munic\u00edpio de Palmas.<\/p>\n\n\n\n<p>Uch\u00f4a explicou que seu\nprojeto de lei tem como objetivo determinar a implanta\u00e7\u00e3o de faixas de reten\u00e7\u00e3o\ne recuo, exclusivas para motocicletas. Essa sinaliza\u00e7\u00e3o dever\u00e1 ser feita no\nsolo, de modo a delimitar \u00e1rea de acomoda\u00e7\u00e3o exclusiva para condutores de moto,\nlocalizadas pr\u00f3ximo aos sem\u00e1foros, entre a faixa de pedestre e a linha de\nreten\u00e7\u00e3o dos demais ve\u00edculos.<\/p>\n\n\n\n<p>O vereador tamb\u00e9m explicou\nque a regulamenta\u00e7\u00e3o do \u201cmotobox\u201d visa, primordialmente, a seguran\u00e7a dos\nmotociclistas, uma vez que o intuito \u00e9 dar prioridade de sa\u00edda no momento de\nabertura do sem\u00e1foro, levando em conta a situa\u00e7\u00e3o de vulnerabilidade do grupo\nem quest\u00e3o. \u201cA faixa demarcat\u00f3ria exclusiva, proporcionar\u00e1 maior visibilidade\naos ve\u00edculos de duas rodas, os quais&nbsp; v\u00e3o estar localizados \u00e0 frente dos\ndemais meios de transporte, evitando conflitos e colis\u00f5es que normalmente\nacontecem com a abertura do sinal\u201d, comentou.<\/p>\n\n\n\n<p>\u201cTrata-se tamb\u00e9m de medida\npreventiva para diminui\u00e7\u00e3o do n\u00famero de acidentes, uma vez que al\u00e9m de\nproporcionar maior estabilidade e seguran\u00e7a aos motociclistas, visa diminuir o\ngrande n\u00famero de atropelamento de pedestres que atravessam fora da faixa de\nseguran\u00e7a. Nesse sentido, a sinaliza\u00e7\u00e3o colocar\u00e1 os condutores de moto em\nevid\u00eancia, com o intuito de evitar que as pessoas sejam surpreendidas durante a\ntravessia das vias\u201d, concluiu.<\/p>\n\n\n\n<p>Fonte: Primeira pagina <\/p>\n","protected":false},"excerpt":{"rendered":"<p>O vereador Rubens Uch\u00f4a (Cidadania) apresentou um projeto de lei (PL) de sua autoria, onde pede a implanta\u00e7\u00e3o de \u201cmotobox\u201d (faixas de reten\u00e7\u00e3o e recuo, exclusivas para motocicletas) no munic\u00edpio de Palmas. Uch\u00f4a explicou que seu projeto de lei tem como objetivo determinar a implanta\u00e7\u00e3o de faixas de reten\u00e7\u00e3o e recuo, exclusivas para motocicletas. Essa [&hellip;]<\/p>\n","protected":false},"author":2,"featured_media":10567,"comment_status":"open","ping_status":"open","sticky":false,"template":"","format":"standard","meta":[],"categories":[8],"tags":[],"_links":{"self":[{"href":"https:\/\/dgospel.com.br\/portal\/index.php\/wp-json\/wp\/v2\/posts\/10566"}],"collection":[{"href":"https:\/\/dgospel.com.br\/portal\/index.php\/wp-json\/wp\/v2\/posts"}],"about":[{"href":"https:\/\/dgospel.com.br\/portal\/index.php\/wp-json\/wp\/v2\/types\/post"}],"author":[{"embeddable":true,"href":"https:\/\/dgospel.com.br\/portal\/index.php\/wp-json\/wp\/v2\/users\/2"}],"replies":[{"embeddable":true,"href":"https:\/\/dgospel.com.br\/portal\/index.php\/wp-json\/wp\/v2\/comments?post=10566"}],"version-history":[{"count":1,"href":"https:\/\/dgospel.com.br\/portal\/index.php\/wp-json\/wp\/v2\/posts\/10566\/revisions"}],"predecessor-version":[{"id":10568,"href":"https:\/\/dgospel.com.br\/portal\/index.php\/wp-json\/wp\/v2\/posts\/10566\/revisions\/10568"}],"wp:featuredmedia":[{"embeddable":true,"href":"https:\/\/dgospel.com.br\/portal\/index.php\/wp-json\/wp\/v2\/media\/10567"}],"wp:attachment":[{"href":"https:\/\/dgospel.com.br\/portal\/index.php\/wp-json\/wp\/v2\/media?parent=10566"}],"wp:term":[{"taxonomy":"category","embeddable":true,"href":"https:\/\/dgospel.com.br\/portal\/index.php\/wp-json\/wp\/v2\/categories?post=10566"},{"taxonomy":"post_tag","embeddable":true,"href":"https:\/\/dgospel.com.br\/portal\/index.php\/wp-json\/wp\/v2\/tags?post=10566"}],"curies":[{"name":"wp","href":"https:\/\/api.w.org\/{rel}","templated":true}]}}