{"id":10569,"date":"2022-02-16T16:11:43","date_gmt":"2022-02-16T19:11:43","guid":{"rendered":"http:\/\/dgospel.com.br\/portal\/?p=10569"},"modified":"2022-02-16T16:11:44","modified_gmt":"2022-02-16T19:11:44","slug":"governador-wanderlei-barbosa-autoriza-realizacao-da-agrotins-2022-em-formato-hibrido","status":"publish","type":"post","link":"https:\/\/dgospel.com.br\/portal\/index.php\/2022\/02\/16\/governador-wanderlei-barbosa-autoriza-realizacao-da-agrotins-2022-em-formato-hibrido\/","title":{"rendered":"Governador Wanderlei Barbosa autoriza realiza\u00e7\u00e3o da Agrotins 2022 em formato h\u00edbrido"},"content":{"rendered":"\n<p>O governador em exerc\u00edcio do Estado do Tocantins, Wanderlei Barbosa, autorizou na manh\u00e3 desta ter\u00e7a-feira, 15, a realiza\u00e7\u00e3o no formato h\u00edbrido da 22\u00aa edi\u00e7\u00e3o da Feira de Agrotecnol\u00f3gica do Tocantins (Agrotins 2022). Com o tema&nbsp;<em>Integrar, Intensificar para Preservar<\/em>, a feira deve ocorrer entre os dias 10 e 14 de maio, com exposi\u00e7\u00f5es no Parque Agrotecnol\u00f3gico do Tocantins, situado em Palmas, e realiza\u00e7\u00e3o de oficinas, minicursos e palestras, na plataforma online.&nbsp;<\/p>\n\n\n\n<p>\u201cEst\u00e1 autorizado. Que a Seagro [Secretaria de Estado da Agricultura, Pecu\u00e1ria e Aquicultura], o Ruraltins [Instituto de Desenvolvimento Rural do Tocantins], a Adapec [Ag\u00eancia de Defesa Agropecu\u00e1ria] e outros parceiros deem continuidade nesse projeto t\u00e3o importante para o Tocantins, que \u00e9 a Agrotins. Uma feira como essa \u00e9 um investimento importante que o Estado faz para trazer ao setor produtivo, tecnologia, gen\u00e9tica animal, aquecer a economia e ao mesmo tempo fomentar o tesouro estadual\u201d, ressaltou o governador Wanderlei Barbosa.&nbsp;<\/p>\n\n\n\n<p>Seguindo os protocolos de seguran\u00e7a contra a covid-19 e as orienta\u00e7\u00f5es da Secretaria de Estado da Sa\u00fade, a feira deste ano ir\u00e1 manter atividades em formato h\u00edbrido, ou seja, presencial e remoto. Al\u00e9m disso, os espa\u00e7os presenciais, como o audit\u00f3rio, ter\u00e3o limita\u00e7\u00e3o de p\u00fablico para garantir mais seguran\u00e7a aos participantes da Agrotins.&nbsp;<\/p>\n\n\n\n<p>No projeto apresentado pelo secret\u00e1rio da Seagro, Jaime Caf\u00e9, a feira deste ano ter\u00e1 cerca de 700 mil m\u00b2, com uma expectativa de receber 120 mil pessoas durante os cinco dias de feira. \u201cNossa expectativa para esta edi\u00e7\u00e3o \u00e9 muito grande, pois foram quase tr\u00eas anos que o produtor n\u00e3o teve a oportunidade de conhecer as novas tecnologias que foram desenvolvidas, pois, essas pesquisas n\u00e3o pararam na pandemia e \u00e9 isto que n\u00f3s traremos para a feira deste ano: gen\u00e9tica de gr\u00e3os e pecu\u00e1ria, efici\u00eancia de m\u00e1quinas entre outras\u201d, destacou.&nbsp;<\/p>\n\n\n\n<p><strong>Integrar, Intensificar para Preservar<\/strong><\/p>\n\n\n\n<p>Ao explicar o tema da Agrotins deste ano, o secret\u00e1rio de Agricultura ressaltou que o objetivo \u00e9 mostrar que produ\u00e7\u00e3o agropecu\u00e1ria e a preserva\u00e7\u00e3o do meio ambiente podem ser realizadas em conjunto. \u201cA integra\u00e7\u00e3o \u00e9 isto que estamos vendo, integrar todos os \u00f3rg\u00e3os, poderes com o produtor; intensificar, no sentido de fazer o produtor produzir mais de maneira mais eficiente, com aporte das solu\u00e7\u00f5es tecnol\u00f3gicas; e preservar, que \u00e9 discutir a utiliza\u00e7\u00e3o consciente dos recursos naturais\u201d, destacou Jaime Caf\u00e9.&nbsp;<\/p>\n\n\n\n<p>Uma inova\u00e7\u00e3o, na realiza\u00e7\u00e3o da feira deste ano, ficar\u00e1 por conta da Companhia Imobili\u00e1ria de Participa\u00e7\u00f5es, Investimentos e Parcerias (Tocantins Parcerias), que ser\u00e1 respons\u00e1vel pelo loteamento e pela comercializa\u00e7\u00e3o dos espa\u00e7os destinados aos expositores. \u201cSempre foi uma necessidade da feira que n\u00f3s tiv\u00e9ssemos esse aspecto mais profissional e, para este ano, n\u00f3s fizemos um microparcelamento da \u00e1rea, criamos um layout que mostra, por exemplo, as \u00e1reas mais valorizadas e toda as medi\u00e7\u00f5es corretas\u201d, explicou o presidente Aleandro Lacerda.<\/p>\n\n\n\n<p>O diretor de Agrotecnologia, Tecnologias Sociais e Sociobiodiversidade da Seagro, Fernando Garcia, um dos respons\u00e1veis pela organiza\u00e7\u00e3o da feira, tamb\u00e9m falou da expectativa em receber as caravanas de pequenos produtores. \u201cPara esta edi\u00e7\u00e3o, estamos esperando cerca de 2 mil pequenos produtores, que n\u00f3s buscaremos para que venham participar da feira, produtores de Esperantina a Talism\u00e3\u201d, finalizou.&nbsp;<\/p>\n\n\n\n<p>Na oportunidade, na manh\u00e3 desta ter\u00e7a-feira, 15, o governador ainda assinou dois termos com o Minist\u00e9rio da Agricultura, Pecu\u00e1ria e Abastecimento (MAPA), que contribuir\u00e3o para a continuidade das a\u00e7\u00f5es governamentais no Estado. No primeiro, houve a doa\u00e7\u00e3o de bens m\u00f3veis para contribuir nos trabalhos da Ag\u00eancia de Defesa Agropecu\u00e1ria do Estado do Tocantins (Adapec\/TO); e&nbsp;no segundo, um aditivo no apoio dado pelo Mapa ao Governo do Tocantins no que diz respeito \u00e0 implanta\u00e7\u00e3o, \u00e0 unifica\u00e7\u00e3o e ao fortalecimento do Sistema Unificado de Aten\u00e7\u00e3o \u00e0 Sanidade Agropecu\u00e1ria (Suasa).<\/p>\n\n\n\n<figure class=\"wp-block-image\"><img src=\"https:\/\/central.to.gov.br\/image\/279932?w=670&amp;h=383\" alt=\"\"\/><\/figure>\n\n\n\n<p>O secret\u00e1rio de Agricultura apresentou o projeto da \u00e1rea que, este ano, ter\u00e1 cerca de 700 mil metros quadrados &#8211; Washington Luiz\/Governo do Tocantins\u00a0<\/p>\n\n\n\n<figure class=\"wp-block-image\"><img src=\"https:\/\/central.to.gov.br\/image\/279934?w=670&amp;h=383\" alt=\"\"\/><\/figure>\n\n\n\n<p>S\u00e3o esperadas cerca de 120 mil pessoas nos cinco dias da feira &#8211; Washington Luiz\/Governo do Tocantins\n\n<\/p>\n","protected":false},"excerpt":{"rendered":"<p>O governador em exerc\u00edcio do Estado do Tocantins, Wanderlei Barbosa, autorizou na manh\u00e3 desta ter\u00e7a-feira, 15, a realiza\u00e7\u00e3o no formato h\u00edbrido da 22\u00aa edi\u00e7\u00e3o da Feira de Agrotecnol\u00f3gica do Tocantins (Agrotins 2022). Com o tema&nbsp;Integrar, Intensificar para Preservar, a feira deve ocorrer entre os dias 10 e 14 de maio, com exposi\u00e7\u00f5es no Parque Agrotecnol\u00f3gico [&hellip;]<\/p>\n","protected":false},"author":2,"featured_media":10570,"comment_status":"open","ping_status":"open","sticky":false,"template":"","format":"standard","meta":[],"categories":[3],"tags":[13],"_links":{"self":[{"href":"https:\/\/dgospel.com.br\/portal\/index.php\/wp-json\/wp\/v2\/posts\/10569"}],"collection":[{"href":"https:\/\/dgospel.com.br\/portal\/index.php\/wp-json\/wp\/v2\/posts"}],"about":[{"href":"https:\/\/dgospel.com.br\/portal\/index.php\/wp-json\/wp\/v2\/types\/post"}],"author":[{"embeddable":true,"href":"https:\/\/dgospel.com.br\/portal\/index.php\/wp-json\/wp\/v2\/users\/2"}],"replies":[{"embeddable":true,"href":"https:\/\/dgospel.com.br\/portal\/index.php\/wp-json\/wp\/v2\/comments?post=10569"}],"version-history":[{"count":1,"href":"https:\/\/dgospel.com.br\/portal\/index.php\/wp-json\/wp\/v2\/posts\/10569\/revisions"}],"predecessor-version":[{"id":10571,"href":"https:\/\/dgospel.com.br\/portal\/index.php\/wp-json\/wp\/v2\/posts\/10569\/revisions\/10571"}],"wp:featuredmedia":[{"embeddable":true,"href":"https:\/\/dgospel.com.br\/portal\/index.php\/wp-json\/wp\/v2\/media\/10570"}],"wp:attachment":[{"href":"https:\/\/dgospel.com.br\/portal\/index.php\/wp-json\/wp\/v2\/media?parent=10569"}],"wp:term":[{"taxonomy":"category","embeddable":true,"href":"https:\/\/dgospel.com.br\/portal\/index.php\/wp-json\/wp\/v2\/categories?post=10569"},{"taxonomy":"post_tag","embeddable":true,"href":"https:\/\/dgospel.com.br\/portal\/index.php\/wp-json\/wp\/v2\/tags?post=10569"}],"curies":[{"name":"wp","href":"https:\/\/api.w.org\/{rel}","templated":true}]}}