{"id":10572,"date":"2022-02-16T16:13:38","date_gmt":"2022-02-16T19:13:38","guid":{"rendered":"http:\/\/dgospel.com.br\/portal\/?p=10572"},"modified":"2022-02-16T16:13:39","modified_gmt":"2022-02-16T19:13:39","slug":"agencia-de-metrologia-verifica-cinco-novos-radares-que-foram-instalados-em-palmas","status":"publish","type":"post","link":"https:\/\/dgospel.com.br\/portal\/index.php\/2022\/02\/16\/agencia-de-metrologia-verifica-cinco-novos-radares-que-foram-instalados-em-palmas\/","title":{"rendered":"Ag\u00eancia de Metrologia verifica cinco novos radares que foram instalados em Palmas"},"content":{"rendered":"\n<p>Novos radares de tr\u00e2nsito foram instalados na cidade de Palmas e, para o seu funcionamento, \u00e9 necess\u00e1rio que os equipamentos atendam ao Regulamento T\u00e9cnico Metrol\u00f3gico, aprovado pela Portaria do Instituto Nacional de Metrologia, Qualidade e Tecnologia (Inmetro) n\u00b0 544\/2014, referente \u00e0 obrigatoriedade de verifica\u00e7\u00e3o de radares de velocidade em novos instrumentos.<\/p>\n\n\n\n<p>Para tanto, a equipe t\u00e9cnica da Ag\u00eancia de Metrologia, Avalia\u00e7\u00e3o da Conformidade, Inova\u00e7\u00e3o e Tecnologia do Estado do Tocantins (AEM-TO), \u00f3rg\u00e3o delegado no Tocantins, realizar\u00e1 as opera\u00e7\u00f5es de Verifica\u00e7\u00e3o Inicial em cinco novos instrumentos medidores de velocidade na Capital.<\/p>\n\n\n\n<p>A a\u00e7\u00e3o ocorre nesta quinta e sexta-feira, 17 e 18 de fevereiro de 2022, e os motoristas devem ficar atentos ao impedimento do tr\u00e2nsito que ser\u00e1 isolado para a aferi\u00e7\u00e3o dos equipamentos por cerca de 40 minutos em cada local. As opera\u00e7\u00f5es de verifica\u00e7\u00e3o de radares contam com o trabalho da Ag\u00eancia de Tr\u00e2nsito, Transporte e Mobilidade de Palmas (ATTM) para o apoio, o suporte necess\u00e1rio e o isolamento do tr\u00e2nsito durante os testes metrol\u00f3gicos.<\/p>\n\n\n\n<p><strong>Ensaios metrol\u00f3gicos em radares novos<\/strong><\/p>\n\n\n\n<p>Nos ensaios metrol\u00f3gicos, um ve\u00edculo oficial da AEM passa pelo medidor de velocidade, em m\u00e9dia de 10 vezes (para instrumentos novos), com um aparelho que \u00e9 calibrado pelo Inmetro e que, ao passar pela barreira eletr\u00f4nica, compara a velocidade fornecida pelo radar com a do ve\u00edculo. De acordo com os dados encontrados na vistoria, com base nessa equipara\u00e7\u00e3o, o radar pode ser aprovado ou reprovado.<\/p>\n\n\n\n<p>Os radares s\u00e3o equipamentos que orientam aos motoristas sobre velocidades m\u00e1ximas permitidas nas vias, conforme estudos de engenharia de tr\u00e2nsito que visam reduzir acidentes.<\/p>\n\n\n\n<p>O presidente da AEM, R\u00e9rison Castro refor\u00e7a que a a\u00e7\u00e3o, \u201cvisa atestar a leitura dos medidores de velocidade para ve\u00edculos automotores em conformidade com a velocidade permitida nas vias, bem como verificar se a velocidade que os radares marcam dos ve\u00edculos que est\u00e3o passando por ele est\u00e1 correta e se est\u00e3o de acordo com o verificado pelo Inmetro\u201d, destaca o gestor.<\/p>\n\n\n\n<p><strong>Novos radares que ser\u00e3o verificados<\/strong><\/p>\n\n\n\n<p><strong>17\/02 &#8211; quinta-feira<\/strong><\/p>\n\n\n\n<p>Das 8h15 \u2013 Av. JK, faixa de pedestre (Capim Dourado Shopping) \u2013 Sentido Oeste;<\/p>\n\n\n\n<p>\u00c0s 9h30 \u2013 Av. Teot\u00f4nio Segurado com Av. LO 29 (Quadra 1.302 Sul) \u2013 Sentido Norte;<\/p>\n\n\n\n<p>\u00c0s 11 horas \u2013 Av. Teot\u00f4nio Segurado com Av. LO 33 (Quadra 1.502 Sul\/Assa\u00ed Atacadista) \u2013 Sentido Norte.<\/p>\n\n\n\n<p><strong>18\/02 &#8211; sexta-feira<\/strong><\/p>\n\n\n\n<p>Das 8h20 \u2013 Marginal Oeste \u2013 BR 010 pr\u00f3ximo Av. Tocantins (Aureny 1) \u2013 Sentido Sul;<\/p>\n\n\n\n<p>Das 9h30 \u2013 Marginal Oeste \u2013 TO 050 pr\u00f3ximo ao Supermercado Quartetto (Jardim Santa B\u00e1rbara) \u2013 Sentido Sul.<\/p>\n\n\n\n<figure class=\"wp-block-image\"><img src=\"https:\/\/central.to.gov.br\/image\/280122?w=670&amp;h=383\" alt=\"\"\/><\/figure>\n\n\n\n<p>Motoristas devem ficar atentos ao impedimento do tr\u00e2nsito que ser\u00e1 isolado para a aferi\u00e7\u00e3o dos equipamentos por cerca de 40 minutos em cada local &#8211; Jos\u00e9 Natal\/Governo do Tocantins&nbsp;\n\n<\/p>\n","protected":false},"excerpt":{"rendered":"<p>Novos radares de tr\u00e2nsito foram instalados na cidade de Palmas e, para o seu funcionamento, \u00e9 necess\u00e1rio que os equipamentos atendam ao Regulamento T\u00e9cnico Metrol\u00f3gico, aprovado pela Portaria do Instituto Nacional de Metrologia, Qualidade e Tecnologia (Inmetro) n\u00b0 544\/2014, referente \u00e0 obrigatoriedade de verifica\u00e7\u00e3o de radares de velocidade em novos instrumentos. Para tanto, a equipe [&hellip;]<\/p>\n","protected":false},"author":2,"featured_media":10573,"comment_status":"open","ping_status":"open","sticky":false,"template":"","format":"standard","meta":[],"categories":[3],"tags":[13],"_links":{"self":[{"href":"https:\/\/dgospel.com.br\/portal\/index.php\/wp-json\/wp\/v2\/posts\/10572"}],"collection":[{"href":"https:\/\/dgospel.com.br\/portal\/index.php\/wp-json\/wp\/v2\/posts"}],"about":[{"href":"https:\/\/dgospel.com.br\/portal\/index.php\/wp-json\/wp\/v2\/types\/post"}],"author":[{"embeddable":true,"href":"https:\/\/dgospel.com.br\/portal\/index.php\/wp-json\/wp\/v2\/users\/2"}],"replies":[{"embeddable":true,"href":"https:\/\/dgospel.com.br\/portal\/index.php\/wp-json\/wp\/v2\/comments?post=10572"}],"version-history":[{"count":1,"href":"https:\/\/dgospel.com.br\/portal\/index.php\/wp-json\/wp\/v2\/posts\/10572\/revisions"}],"predecessor-version":[{"id":10574,"href":"https:\/\/dgospel.com.br\/portal\/index.php\/wp-json\/wp\/v2\/posts\/10572\/revisions\/10574"}],"wp:featuredmedia":[{"embeddable":true,"href":"https:\/\/dgospel.com.br\/portal\/index.php\/wp-json\/wp\/v2\/media\/10573"}],"wp:attachment":[{"href":"https:\/\/dgospel.com.br\/portal\/index.php\/wp-json\/wp\/v2\/media?parent=10572"}],"wp:term":[{"taxonomy":"category","embeddable":true,"href":"https:\/\/dgospel.com.br\/portal\/index.php\/wp-json\/wp\/v2\/categories?post=10572"},{"taxonomy":"post_tag","embeddable":true,"href":"https:\/\/dgospel.com.br\/portal\/index.php\/wp-json\/wp\/v2\/tags?post=10572"}],"curies":[{"name":"wp","href":"https:\/\/api.w.org\/{rel}","templated":true}]}}