{"id":10575,"date":"2022-02-17T16:15:28","date_gmt":"2022-02-17T19:15:28","guid":{"rendered":"http:\/\/dgospel.com.br\/portal\/?p=10575"},"modified":"2022-02-17T16:15:29","modified_gmt":"2022-02-17T19:15:29","slug":"ex-ministro-do-tse-e-contratado-para-a-campanha-de-bolsonaro","status":"publish","type":"post","link":"https:\/\/dgospel.com.br\/portal\/index.php\/2022\/02\/17\/ex-ministro-do-tse-e-contratado-para-a-campanha-de-bolsonaro\/","title":{"rendered":"Ex-ministro do TSE \u00e9 contratado para a campanha de Bolsonaro"},"content":{"rendered":"\n<p> O Partido Liberal (PL), sigla \u00e0 qual pertence o presidente\u00a0<a rel=\"noreferrer noopener\" href=\"http:\/\/pleno.news\/tag\/jair-bolsonaro\" target=\"_blank\">Jair Bolsonaro<\/a>\u00a0desde novembro do ano passado, contratou o advogado Tarc\u00edsio Vieira de Carvalho Neto para atuar na campanha \u00e0 reelei\u00e7\u00e3o do atual chefe do Executivo. A confirma\u00e7\u00e3o sobre o acordo, firmado na ter\u00e7a-feira (15), foi feita pelo pr\u00f3prio advogado ao jornal Folha de S\u00e3o Paulo. Carvalho Neto \u00e9 ex-ministro do Tribunal Superior Eleitoral (<a rel=\"noreferrer noopener\" href=\"http:\/\/pleno.news\/tag\/tse\" target=\"_blank\">TSE<\/a>). <\/p>\n\n\n\n<p> \u2013 Nesta ter\u00e7a-feira, 15, foi sacramentada a contrata\u00e7\u00e3o do nosso escrit\u00f3rio para atuar na campanha eleitoral do presidente Jair Bolsonaro. Estamos muito honrados com a confian\u00e7a depositada em nosso trabalho e esperamos dar cabo dos desafios que se avizinham \u2013 afirmou. <\/p>\n\n\n\n<p>Durante o per\u00edodo em que a candidatura de Bolsonaro n\u00e3o for oficializada por meio da conven\u00e7\u00e3o da sigla, o que, de acordo com o calend\u00e1rio eleitoral, deve ocorrer entre julho e agosto, o escrit\u00f3rio \u00e9 contratado inicialmente pelo partido. Carvalho Neto afirmou que o encontro com o presidente deve acontecer assim que ele retornar da Europa.<\/p>\n\n\n\n<p>Al\u00e9m do ex-ministro, tamb\u00e9m atuar\u00e3o na campanha de reelei\u00e7\u00e3o de Bolsonaro os s\u00f3cios do ex-ministro, Caroline Maria Vieira Lacerda e Eduardo Augusto Vieira de Carvalho Neto. O agora advogado de Bolsonaro j\u00e1 conhece o presidente, porque foi reconduzido por ele para mais um mandato de dois anos na Corte eleitoral em 2019.<\/p>\n","protected":false},"excerpt":{"rendered":"<p>O Partido Liberal (PL), sigla \u00e0 qual pertence o presidente\u00a0Jair Bolsonaro\u00a0desde novembro do ano passado, contratou o advogado Tarc\u00edsio Vieira de Carvalho Neto para atuar na campanha \u00e0 reelei\u00e7\u00e3o do atual chefe do Executivo. A confirma\u00e7\u00e3o sobre o acordo, firmado na ter\u00e7a-feira (15), foi feita pelo pr\u00f3prio advogado ao jornal Folha de S\u00e3o Paulo. Carvalho [&hellip;]<\/p>\n","protected":false},"author":2,"featured_media":10576,"comment_status":"open","ping_status":"open","sticky":false,"template":"","format":"standard","meta":[],"categories":[4],"tags":[13,14],"_links":{"self":[{"href":"https:\/\/dgospel.com.br\/portal\/index.php\/wp-json\/wp\/v2\/posts\/10575"}],"collection":[{"href":"https:\/\/dgospel.com.br\/portal\/index.php\/wp-json\/wp\/v2\/posts"}],"about":[{"href":"https:\/\/dgospel.com.br\/portal\/index.php\/wp-json\/wp\/v2\/types\/post"}],"author":[{"embeddable":true,"href":"https:\/\/dgospel.com.br\/portal\/index.php\/wp-json\/wp\/v2\/users\/2"}],"replies":[{"embeddable":true,"href":"https:\/\/dgospel.com.br\/portal\/index.php\/wp-json\/wp\/v2\/comments?post=10575"}],"version-history":[{"count":1,"href":"https:\/\/dgospel.com.br\/portal\/index.php\/wp-json\/wp\/v2\/posts\/10575\/revisions"}],"predecessor-version":[{"id":10577,"href":"https:\/\/dgospel.com.br\/portal\/index.php\/wp-json\/wp\/v2\/posts\/10575\/revisions\/10577"}],"wp:featuredmedia":[{"embeddable":true,"href":"https:\/\/dgospel.com.br\/portal\/index.php\/wp-json\/wp\/v2\/media\/10576"}],"wp:attachment":[{"href":"https:\/\/dgospel.com.br\/portal\/index.php\/wp-json\/wp\/v2\/media?parent=10575"}],"wp:term":[{"taxonomy":"category","embeddable":true,"href":"https:\/\/dgospel.com.br\/portal\/index.php\/wp-json\/wp\/v2\/categories?post=10575"},{"taxonomy":"post_tag","embeddable":true,"href":"https:\/\/dgospel.com.br\/portal\/index.php\/wp-json\/wp\/v2\/tags?post=10575"}],"curies":[{"name":"wp","href":"https:\/\/api.w.org\/{rel}","templated":true}]}}