{"id":10578,"date":"2022-02-17T16:31:30","date_gmt":"2022-02-17T19:31:30","guid":{"rendered":"http:\/\/dgospel.com.br\/portal\/?p=10578"},"modified":"2022-02-17T16:31:31","modified_gmt":"2022-02-17T19:31:31","slug":"bolsonaro-diz-que-3-ministros-do-stf-querem-torna-lo-inelegivel","status":"publish","type":"post","link":"https:\/\/dgospel.com.br\/portal\/index.php\/2022\/02\/17\/bolsonaro-diz-que-3-ministros-do-stf-querem-torna-lo-inelegivel\/","title":{"rendered":"Bolsonaro diz que 3 ministros do STF querem torn\u00e1-lo ineleg\u00edvel"},"content":{"rendered":"\n<p>Sem citar diretamente os nomes, o presidente&nbsp;<a href=\"http:\/\/pleno.news\/tag\/jair-bolsonaro\" target=\"_blank\" rel=\"noreferrer noopener\">Jair Bolsonaro<\/a>&nbsp;disse nesta quarta-feira (16) que tr\u00eas ministros do Supremo Tribunal Federal (<a href=\"http:\/\/pleno.news\/tag\/stf\" target=\"_blank\" rel=\"noreferrer noopener\">STF<\/a>) estariam buscando uma maneira de torn\u00e1-lo ineleg\u00edvel \u201cna base da canetada\u201d. Apesar de n\u00e3o dizer a quem se referia, o hist\u00f3rico recente aponta para os ministros Alexandre de Moraes, Edson Fachin e Lu\u00eds Roberto Barroso.<\/p>\n\n\n\n<p>\u2013 Agora, o que fica da a\u00e7\u00e3o desses tr\u00eas ministros do STF me parece que eles t\u00eam um interesse, n\u00e9? Primeiro, buscar uma maneira de me tornar ineleg\u00edvel, na base da canetada. A outra \u00e9 eleger o seu candidato \u2013 afirmou Bolsonaro em entrevista \u00e0 Jovem Pan.<\/p>\n\n\n\n<p>Durante a entrevista, o presidente afirmou que os ministros t\u00eam um partido e um candidato para as elei\u00e7\u00f5es deste ano e que eles o perseguem de forma \u201cclar\u00edssima\u201d.<\/p>\n\n\n\n<p>O chefe do Executivo destacou que a a\u00e7\u00e3o \u201cdesses tr\u00eas ministros\u201d contra o Telegram seria um dos exemplos de persegui\u00e7\u00e3o.<\/p>\n\n\n\n<p>\u2013 Lamentavelmente, isso cada vez mais se torna bastante transparente para todo o Brasil [\u2026] E a a\u00e7\u00e3o desses tr\u00eas ministros contra o Telegram? Baseado em qu\u00ea? Fake news? Mentiras? Isso da\u00ed \u00e9 muito esquisito. A gente espera que tenha um fim. Mas, lamentavelmente, n\u00f3s temos tr\u00eas ministros do STF agindo dessa maneira, com uma persegui\u00e7\u00e3o clara \u2013 afirmou.<\/p>\n\n\n\n<p>Bolsonaro ainda reclamou que, na visita que Edson Fachin e Alexandre de Moraes fizeram ao Pal\u00e1cio do Planalto para entregar o convite da solenidade de posse do presidente e vice-presidente do Tribunal Superior Eleitoral (TSE), que ocorrer\u00e1 no pr\u00f3ximo dia 22 de fevereiro, ele fez duas perguntas a Moraes e foi ignorado.<\/p>\n\n\n\n<p>\u2013 Apenas o Fachin falou naquele momento. Eu dirigi a palavra duas vezes ao ministro Alexandre. Ele n\u00e3o respondeu. Quando sa\u00edram dali, foram ao Senado encontrar o presidente Rodrigo Pacheco (PSD-MG) e ali decidiram, inclusive, que a CPI das Fake News deveria voltar a funcionar \u2013 completou.<\/p>\n","protected":false},"excerpt":{"rendered":"<p>Sem citar diretamente os nomes, o presidente&nbsp;Jair Bolsonaro&nbsp;disse nesta quarta-feira (16) que tr\u00eas ministros do Supremo Tribunal Federal (STF) estariam buscando uma maneira de torn\u00e1-lo ineleg\u00edvel \u201cna base da canetada\u201d. Apesar de n\u00e3o dizer a quem se referia, o hist\u00f3rico recente aponta para os ministros Alexandre de Moraes, Edson Fachin e Lu\u00eds Roberto Barroso. \u2013 [&hellip;]<\/p>\n","protected":false},"author":2,"featured_media":10579,"comment_status":"open","ping_status":"open","sticky":false,"template":"","format":"standard","meta":[],"categories":[4],"tags":[13,14],"_links":{"self":[{"href":"https:\/\/dgospel.com.br\/portal\/index.php\/wp-json\/wp\/v2\/posts\/10578"}],"collection":[{"href":"https:\/\/dgospel.com.br\/portal\/index.php\/wp-json\/wp\/v2\/posts"}],"about":[{"href":"https:\/\/dgospel.com.br\/portal\/index.php\/wp-json\/wp\/v2\/types\/post"}],"author":[{"embeddable":true,"href":"https:\/\/dgospel.com.br\/portal\/index.php\/wp-json\/wp\/v2\/users\/2"}],"replies":[{"embeddable":true,"href":"https:\/\/dgospel.com.br\/portal\/index.php\/wp-json\/wp\/v2\/comments?post=10578"}],"version-history":[{"count":1,"href":"https:\/\/dgospel.com.br\/portal\/index.php\/wp-json\/wp\/v2\/posts\/10578\/revisions"}],"predecessor-version":[{"id":10580,"href":"https:\/\/dgospel.com.br\/portal\/index.php\/wp-json\/wp\/v2\/posts\/10578\/revisions\/10580"}],"wp:featuredmedia":[{"embeddable":true,"href":"https:\/\/dgospel.com.br\/portal\/index.php\/wp-json\/wp\/v2\/media\/10579"}],"wp:attachment":[{"href":"https:\/\/dgospel.com.br\/portal\/index.php\/wp-json\/wp\/v2\/media?parent=10578"}],"wp:term":[{"taxonomy":"category","embeddable":true,"href":"https:\/\/dgospel.com.br\/portal\/index.php\/wp-json\/wp\/v2\/categories?post=10578"},{"taxonomy":"post_tag","embeddable":true,"href":"https:\/\/dgospel.com.br\/portal\/index.php\/wp-json\/wp\/v2\/tags?post=10578"}],"curies":[{"name":"wp","href":"https:\/\/api.w.org\/{rel}","templated":true}]}}