{"id":10581,"date":"2022-02-17T16:46:51","date_gmt":"2022-02-17T19:46:51","guid":{"rendered":"http:\/\/dgospel.com.br\/portal\/?p=10581"},"modified":"2022-02-17T16:46:52","modified_gmt":"2022-02-17T19:46:52","slug":"evangelicos-que-apoiam-moro-ciro-e-lula-nao-representam-1-diz-malafaia","status":"publish","type":"post","link":"https:\/\/dgospel.com.br\/portal\/index.php\/2022\/02\/17\/evangelicos-que-apoiam-moro-ciro-e-lula-nao-representam-1-diz-malafaia\/","title":{"rendered":"Evang\u00e9licos que apoiam Moro, Ciro e Lula n\u00e3o representam 1%, diz Malafaia"},"content":{"rendered":"\n<p> O pastor Silas Malafaia, l\u00edder da igreja Assembleia de Deus Vit\u00f3ria em Cristo, concedeu uma entrevista onde recha\u00e7ou a possibilidade de um grande n\u00famero de evang\u00e9licos apoiar nas elei\u00e7\u00f5es desse ano os candidatos da chamada \u201cterceira via\u201d, neste caso Ciro Gomes e S\u00e9rgio Moro como principais, ou o ex-presidente Lula no polo oposto ao governo atual. <\/p>\n\n\n\n<p>\u201cSei quem \u00e9 quem no mundo evang\u00e9lico. Quem est\u00e1 com Moro, com Ciro e com Lula n\u00e3o representa 1% dos evang\u00e9licos. S\u00e3o famosos z\u00e9-ningu\u00e9m. Fico dando gargalhada\u201d, afirmou Malafaia para o portal Metr\u00f3poles.<\/p>\n\n\n\n<p>O pastor insinuou que os opositores do atual presidente Jair Bolsonaro estariam agindo por oportunismo, a fim de conquistar o voto dos evang\u00e9licos. Malafaia, contudo, acredita que eles \u201cv\u00e3o quebrar a cara\u201d, pois afirma que \u201cn\u00e3o conquista evang\u00e9licos com meia d\u00fazia de palavras. Voc\u00ea conquista com sua hist\u00f3ria.\u201d<\/p>\n\n\n\n<p>\u201cN\u00e3o adianta o Moro chegar agora, sendo que foi ministro da Justi\u00e7a e nunca falou nada de aborto. Mesma coisa \u00e9 o Ciro Gomes, que tem posturas ideol\u00f3gicas que n\u00e3o t\u00eam nada a ver com cristianismo\u201d, disse o pastor.<\/p>\n\n\n\n\n\n<p>\u201cMesma coisa \u00e9 o Lula, que falou que igrejas eram respons\u00e1veis pelo aumento de coronav\u00edrus, cujo partido defende valores que v\u00e3o contra nossos valores e princ\u00edpios (\u2026). Voc\u00ea n\u00e3o conquista evang\u00e9licos com meia d\u00fazia de palavras. Voc\u00ea conquista com sua hist\u00f3ria\u201d,&nbsp;<a href=\"https:\/\/www.metropoles.com\/brasil\/ciro-lula-e-moro-vao-quebrar-a-cara-com-evangelicos-diz-malafaia\">acredita<\/a>&nbsp;Malafaia.<\/p>\n\n\n\n<p>Em contrapartida, h\u00e1 l\u00edderes religiosos que acreditam ser poss\u00edvel atrair o voto dos evang\u00e9licos para Lula, por exemplo. Um deles \u00e9 o pastor da Assembleia de Deus em Foz do Igua\u00e7u (PR), Paulo Marcelo Schallenberger, que j\u00e1 chegou a ser convidado pelo petista para integrar a sua campanha.<\/p>\n\n\n\n<p>\u201cSe antes pol\u00edtica era do diabo, agora \u00e9: \u2018Se n\u00e3o tivermos um representante, n\u00f3s seremos governados pelo diabo\u2019. A igreja come\u00e7ou a querer esse poder para si e, da\u00ed, nasceu o bolsonarismo\u201d, critica Schallenberger. Para saber mais sobre ele,&nbsp;<a href=\"https:\/\/noticias.gospelmais.com.br\/pastor-assembleia-aliado-lula-igreja-milicia-digital-152029.html\">clique aqui.<\/a><\/p>\n","protected":false},"excerpt":{"rendered":"<p>O pastor Silas Malafaia, l\u00edder da igreja Assembleia de Deus Vit\u00f3ria em Cristo, concedeu uma entrevista onde recha\u00e7ou a possibilidade de um grande n\u00famero de evang\u00e9licos apoiar nas elei\u00e7\u00f5es desse ano os candidatos da chamada \u201cterceira via\u201d, neste caso Ciro Gomes e S\u00e9rgio Moro como principais, ou o ex-presidente Lula no polo oposto ao governo [&hellip;]<\/p>\n","protected":false},"author":2,"featured_media":10582,"comment_status":"open","ping_status":"open","sticky":false,"template":"","format":"standard","meta":[],"categories":[5],"tags":[],"_links":{"self":[{"href":"https:\/\/dgospel.com.br\/portal\/index.php\/wp-json\/wp\/v2\/posts\/10581"}],"collection":[{"href":"https:\/\/dgospel.com.br\/portal\/index.php\/wp-json\/wp\/v2\/posts"}],"about":[{"href":"https:\/\/dgospel.com.br\/portal\/index.php\/wp-json\/wp\/v2\/types\/post"}],"author":[{"embeddable":true,"href":"https:\/\/dgospel.com.br\/portal\/index.php\/wp-json\/wp\/v2\/users\/2"}],"replies":[{"embeddable":true,"href":"https:\/\/dgospel.com.br\/portal\/index.php\/wp-json\/wp\/v2\/comments?post=10581"}],"version-history":[{"count":1,"href":"https:\/\/dgospel.com.br\/portal\/index.php\/wp-json\/wp\/v2\/posts\/10581\/revisions"}],"predecessor-version":[{"id":10583,"href":"https:\/\/dgospel.com.br\/portal\/index.php\/wp-json\/wp\/v2\/posts\/10581\/revisions\/10583"}],"wp:featuredmedia":[{"embeddable":true,"href":"https:\/\/dgospel.com.br\/portal\/index.php\/wp-json\/wp\/v2\/media\/10582"}],"wp:attachment":[{"href":"https:\/\/dgospel.com.br\/portal\/index.php\/wp-json\/wp\/v2\/media?parent=10581"}],"wp:term":[{"taxonomy":"category","embeddable":true,"href":"https:\/\/dgospel.com.br\/portal\/index.php\/wp-json\/wp\/v2\/categories?post=10581"},{"taxonomy":"post_tag","embeddable":true,"href":"https:\/\/dgospel.com.br\/portal\/index.php\/wp-json\/wp\/v2\/tags?post=10581"}],"curies":[{"name":"wp","href":"https:\/\/api.w.org\/{rel}","templated":true}]}}