{"id":10589,"date":"2022-02-19T12:53:53","date_gmt":"2022-02-19T15:53:53","guid":{"rendered":"http:\/\/dgospel.com.br\/portal\/?p=10589"},"modified":"2022-02-19T12:53:54","modified_gmt":"2022-02-19T15:53:54","slug":"rubens-uchoa-e-inadmissivel-excluir-o-dia-das-maes-do-calendario-escolar","status":"publish","type":"post","link":"https:\/\/dgospel.com.br\/portal\/index.php\/2022\/02\/19\/rubens-uchoa-e-inadmissivel-excluir-o-dia-das-maes-do-calendario-escolar\/","title":{"rendered":"Rubens Uch\u00f4a: \u201c\u00c9 inadmiss\u00edvel excluir o Dia das M\u00e3es do calend\u00e1rio escolar\u201d"},"content":{"rendered":"\n<p>O vice-presidente da C\u00e2mara Municipal de\nPalmas, vereador Rubens Uch\u00f4a, disse que ficou perplexo, com a atitude da\nPrefeita <strong><a href=\"https:\/\/jmnoticia.com.br\/?s=Cinthia+Ribeiro\">Cinthia Ribeiro<\/a><\/strong>\nde excluir a comemora\u00e7\u00e3o do Dia das M\u00e3es do calend\u00e1rio escolar do Munic\u00edpio\nPalmas. &nbsp;<\/p>\n\n\n\n<p>&nbsp;De acordo\ncom o vereador Rubens Uch\u00f4a, excluir a comemora\u00e7\u00e3o do Dia das M\u00e3es do\ncalend\u00e1rio escolar \u00e9 um absurdo. \u201cIsso \u00e9 inadmiss\u00edvel, n\u00e3o entendo como uma\npessoa que se diz crist\u00e3 tomar uma decis\u00e3o dessa. Eu n\u00e3o vou me calar diante\ndesta decis\u00e3o do executivo municipal\u201d<\/p>\n\n\n\n<p>Ao <strong>Di\u00e1rio\nGospel,<\/strong> Uch\u00f4a, reafirmou seu compromisso de defender a fam\u00edlia tradicional.\n\u201cO Dia das M\u00e3es faz parte da nossa cultura e ressalta a\nimport\u00e2ncia dessa figura que para mim \u00e9 sin\u00f4nimo de amor, prote\u00e7\u00e3o, for\u00e7a e\nacolhimento\u201d<\/p>\n\n\n\n<p>O parlamentar disse que ficou surpreso\nquando viu a divulga\u00e7\u00e3o do calend\u00e1rio escolar da rede municipal 2022, sem a\nrespectiva data comemorativa. <\/p>\n\n\n\n<p>O&nbsp;<strong>Dia das M\u00e3es no Brasil<\/strong>&nbsp;\u00e9\ncelebrado anualmente no segundo domingo do m\u00eas de maio. A data foi oficializada\npor meio do&nbsp;<a href=\"https:\/\/www2.camara.leg.br\/legin\/fed\/decret\/1930-1939\/decreto-21366-5-maio-1932-559485-publicacaooriginal-81718-pe.html\">Decreto 21.366\nde 5 de maio de 1932<\/a>, durante a presid\u00eancia de&nbsp;<a href=\"https:\/\/www.infoescola.com\/biografias\/getulio-vargas\/\">Get\u00falio Vargas<\/a>.<\/p>\n\n\n\n<p>Conforme Art.1\u00ba\ndo Decreto&nbsp;<em>\u201cO segundo domingo de maio \u00e9 consagrado \u00e0s m\u00e3es, em\ncomemora\u00e7\u00e3o aos sentimentos e virtudes que o amor materno concorre para\ndespertar e desenvolver no cora\u00e7\u00e3o humano, contribuindo para seu\naperfei\u00e7oamento no sentido da bondade e da solidariedade humana\u201d.<\/em><\/p>\n\n\n\n<p><\/p>\n","protected":false},"excerpt":{"rendered":"<p>O vice-presidente da C\u00e2mara Municipal de Palmas, vereador Rubens Uch\u00f4a, disse que ficou perplexo, com a atitude da Prefeita Cinthia Ribeiro de excluir a comemora\u00e7\u00e3o do Dia das M\u00e3es do calend\u00e1rio escolar do Munic\u00edpio Palmas. &nbsp; &nbsp;De acordo com o vereador Rubens Uch\u00f4a, excluir a comemora\u00e7\u00e3o do Dia das M\u00e3es do calend\u00e1rio escolar \u00e9 um [&hellip;]<\/p>\n","protected":false},"author":2,"featured_media":10585,"comment_status":"open","ping_status":"open","sticky":false,"template":"","format":"standard","meta":[],"categories":[8,4],"tags":[],"_links":{"self":[{"href":"https:\/\/dgospel.com.br\/portal\/index.php\/wp-json\/wp\/v2\/posts\/10589"}],"collection":[{"href":"https:\/\/dgospel.com.br\/portal\/index.php\/wp-json\/wp\/v2\/posts"}],"about":[{"href":"https:\/\/dgospel.com.br\/portal\/index.php\/wp-json\/wp\/v2\/types\/post"}],"author":[{"embeddable":true,"href":"https:\/\/dgospel.com.br\/portal\/index.php\/wp-json\/wp\/v2\/users\/2"}],"replies":[{"embeddable":true,"href":"https:\/\/dgospel.com.br\/portal\/index.php\/wp-json\/wp\/v2\/comments?post=10589"}],"version-history":[{"count":1,"href":"https:\/\/dgospel.com.br\/portal\/index.php\/wp-json\/wp\/v2\/posts\/10589\/revisions"}],"predecessor-version":[{"id":10591,"href":"https:\/\/dgospel.com.br\/portal\/index.php\/wp-json\/wp\/v2\/posts\/10589\/revisions\/10591"}],"wp:featuredmedia":[{"embeddable":true,"href":"https:\/\/dgospel.com.br\/portal\/index.php\/wp-json\/wp\/v2\/media\/10585"}],"wp:attachment":[{"href":"https:\/\/dgospel.com.br\/portal\/index.php\/wp-json\/wp\/v2\/media?parent=10589"}],"wp:term":[{"taxonomy":"category","embeddable":true,"href":"https:\/\/dgospel.com.br\/portal\/index.php\/wp-json\/wp\/v2\/categories?post=10589"},{"taxonomy":"post_tag","embeddable":true,"href":"https:\/\/dgospel.com.br\/portal\/index.php\/wp-json\/wp\/v2\/tags?post=10589"}],"curies":[{"name":"wp","href":"https:\/\/api.w.org\/{rel}","templated":true}]}}