{"id":10596,"date":"2022-02-21T16:23:00","date_gmt":"2022-02-21T19:23:00","guid":{"rendered":"http:\/\/dgospel.com.br\/portal\/?p=10596"},"modified":"2022-02-21T16:23:01","modified_gmt":"2022-02-21T19:23:01","slug":"grupo-de-operacoes-penitenciarias-especiais-da-policia-penal-do-tocantins-realiza-avaliacao-psicologica","status":"publish","type":"post","link":"https:\/\/dgospel.com.br\/portal\/index.php\/2022\/02\/21\/grupo-de-operacoes-penitenciarias-especiais-da-policia-penal-do-tocantins-realiza-avaliacao-psicologica\/","title":{"rendered":"Grupo de Opera\u00e7\u00f5es Penitenci\u00e1rias Especiais da Pol\u00edcia Penal do Tocantins realiza avalia\u00e7\u00e3o psicol\u00f3gica"},"content":{"rendered":"\n<p>Foi realizada, neste final de semana, mais uma etapa de sele\u00e7\u00e3o para compor o Grupo de Opera\u00e7\u00f5es Penitenci\u00e1rias Especiais (Gope), a tropa de elite da Pol\u00edcia Penal do Tocantins, ligada \u00e0 Secretaria de Estado da Cidadania e Justi\u00e7a (Seciju). Participaram da avalia\u00e7\u00e3o psicol\u00f3gica 42 policiais penais.<\/p>\n\n\n\n<p>O teste foi dividido em duas turmas com 21 policiais penais em cada e ocorreu na Escola Superior de Gest\u00e3o Penitenci\u00e1ria e Prisional (Esgepen), aplicado pelo psic\u00f3logo especialista neste tipo de avalia\u00e7\u00e3o, Francisco Maior Neto, que atua no N\u00facleo Acolher da Seciju.<\/p>\n\n\n\n<p>O coordenador do Gope, o policial penal Cleiton Freire Arantes, explicou sobre mais essa fase do certame. \u201cO teste psicot\u00e9cnico \u00e9 eliminat\u00f3rio e faz parte da pen\u00faltima fase do certame para integrar o grupamento especializado da Pol\u00edcia Penal antes do curso de forma\u00e7\u00e3o\u201d, destacou o coordenador.<\/p>\n\n\n\n<p><strong>Pr\u00f3ximas Etapas<\/strong><\/p>\n\n\n\n<p>Os aprovados no teste passar\u00e3o ainda por investiga\u00e7\u00e3o social e, por fim, far\u00e3o o curso de forma\u00e7\u00e3o especializado com abordagens relacionadas \u00e0s atribui\u00e7\u00f5es da Pol\u00edcia Penal, tanto interna quanto externamente nas unidades penais do Estado. O curso ser\u00e1 ministrado pelo Gope e por instrutores de for\u00e7as de seguran\u00e7a do Gope da Pol\u00edcia Penal de Goi\u00e1s, Depoe, considerada a tropa de elite da Pol\u00edcia Penal de Bras\u00edlia, al\u00e9m do Departamento Penitenci\u00e1rio Nacional (Depen).<\/p>\n","protected":false},"excerpt":{"rendered":"<p>Foi realizada, neste final de semana, mais uma etapa de sele\u00e7\u00e3o para compor o Grupo de Opera\u00e7\u00f5es Penitenci\u00e1rias Especiais (Gope), a tropa de elite da Pol\u00edcia Penal do Tocantins, ligada \u00e0 Secretaria de Estado da Cidadania e Justi\u00e7a (Seciju). Participaram da avalia\u00e7\u00e3o psicol\u00f3gica 42 policiais penais. O teste foi dividido em duas turmas com 21 [&hellip;]<\/p>\n","protected":false},"author":2,"featured_media":10597,"comment_status":"open","ping_status":"open","sticky":false,"template":"","format":"standard","meta":[],"categories":[3],"tags":[13],"_links":{"self":[{"href":"https:\/\/dgospel.com.br\/portal\/index.php\/wp-json\/wp\/v2\/posts\/10596"}],"collection":[{"href":"https:\/\/dgospel.com.br\/portal\/index.php\/wp-json\/wp\/v2\/posts"}],"about":[{"href":"https:\/\/dgospel.com.br\/portal\/index.php\/wp-json\/wp\/v2\/types\/post"}],"author":[{"embeddable":true,"href":"https:\/\/dgospel.com.br\/portal\/index.php\/wp-json\/wp\/v2\/users\/2"}],"replies":[{"embeddable":true,"href":"https:\/\/dgospel.com.br\/portal\/index.php\/wp-json\/wp\/v2\/comments?post=10596"}],"version-history":[{"count":1,"href":"https:\/\/dgospel.com.br\/portal\/index.php\/wp-json\/wp\/v2\/posts\/10596\/revisions"}],"predecessor-version":[{"id":10598,"href":"https:\/\/dgospel.com.br\/portal\/index.php\/wp-json\/wp\/v2\/posts\/10596\/revisions\/10598"}],"wp:featuredmedia":[{"embeddable":true,"href":"https:\/\/dgospel.com.br\/portal\/index.php\/wp-json\/wp\/v2\/media\/10597"}],"wp:attachment":[{"href":"https:\/\/dgospel.com.br\/portal\/index.php\/wp-json\/wp\/v2\/media?parent=10596"}],"wp:term":[{"taxonomy":"category","embeddable":true,"href":"https:\/\/dgospel.com.br\/portal\/index.php\/wp-json\/wp\/v2\/categories?post=10596"},{"taxonomy":"post_tag","embeddable":true,"href":"https:\/\/dgospel.com.br\/portal\/index.php\/wp-json\/wp\/v2\/tags?post=10596"}],"curies":[{"name":"wp","href":"https:\/\/api.w.org\/{rel}","templated":true}]}}