{"id":10605,"date":"2022-02-21T16:36:40","date_gmt":"2022-02-21T19:36:40","guid":{"rendered":"http:\/\/dgospel.com.br\/portal\/?p=10605"},"modified":"2022-02-21T16:36:42","modified_gmt":"2022-02-21T19:36:42","slug":"mt-conservadores-inauguram-outdoor-contra-o-maldito-lula","status":"publish","type":"post","link":"https:\/\/dgospel.com.br\/portal\/index.php\/2022\/02\/21\/mt-conservadores-inauguram-outdoor-contra-o-maldito-lula\/","title":{"rendered":"MT: Conservadores inauguram outdoor contra o \u201cmaldito\u201d Lula"},"content":{"rendered":"\n<p>Grupos contr\u00e1rios ao ex-presidente Luiz In\u00e1cio Lula da Silva decidiram se unir e \u201cinauguraram\u201d um outdoor contra o petista. A iniciativa foi do Movimento Conservador e do Grupo Canhota N\u00e3o, de Rondon\u00f3polis, no Mato Grosso.<\/p>\n\n\n\n<p>De acordo com o jornal Folha de S.Paulo, o outdoor fica localizado na BR-364, pr\u00f3ximo a um posto da Pol\u00edcia Rodovi\u00e1ria Federal (PRF).<\/p>\n\n\n\n<p> \u2013 Aqui esse bandido \u00e9 reconhecido como \u201co traidor da p\u00e1tria\u201d. Fora\u2026 Maldito! \u2013 diz o outdoor. <\/p>\n\n\n\n<figure class=\"wp-block-embed-twitter wp-block-embed is-type-rich is-provider-twitter\"><div class=\"wp-block-embed__wrapper\">\n<blockquote class=\"twitter-tweet\" data-width=\"550\" data-dnt=\"true\"><p lang=\"pt\" dir=\"ltr\">O Lula estava reclamando que n\u00e3o tinha outdoor&#8230;olha a\u00ed condenado ! <a href=\"https:\/\/t.co\/rWWb3JmFQ5\">pic.twitter.com\/rWWb3JmFQ5<\/a><\/p>&mdash; Aldo Santos (@AldoSan58824897) <a href=\"https:\/\/twitter.com\/AldoSan58824897\/status\/1495101220477882370?ref_src=twsrc%5Etfw\">February 19, 2022<\/a><\/blockquote><script async src=\"https:\/\/platform.twitter.com\/widgets.js\" charset=\"utf-8\"><\/script>\n<\/div><\/figure>\n","protected":false},"excerpt":{"rendered":"<p>Grupos contr\u00e1rios ao ex-presidente Luiz In\u00e1cio Lula da Silva decidiram se unir e \u201cinauguraram\u201d um outdoor contra o petista. A iniciativa foi do Movimento Conservador e do Grupo Canhota N\u00e3o, de Rondon\u00f3polis, no Mato Grosso. De acordo com o jornal Folha de S.Paulo, o outdoor fica localizado na BR-364, pr\u00f3ximo a um posto da Pol\u00edcia [&hellip;]<\/p>\n","protected":false},"author":2,"featured_media":10606,"comment_status":"open","ping_status":"open","sticky":false,"template":"","format":"standard","meta":[],"categories":[4],"tags":[14],"_links":{"self":[{"href":"https:\/\/dgospel.com.br\/portal\/index.php\/wp-json\/wp\/v2\/posts\/10605"}],"collection":[{"href":"https:\/\/dgospel.com.br\/portal\/index.php\/wp-json\/wp\/v2\/posts"}],"about":[{"href":"https:\/\/dgospel.com.br\/portal\/index.php\/wp-json\/wp\/v2\/types\/post"}],"author":[{"embeddable":true,"href":"https:\/\/dgospel.com.br\/portal\/index.php\/wp-json\/wp\/v2\/users\/2"}],"replies":[{"embeddable":true,"href":"https:\/\/dgospel.com.br\/portal\/index.php\/wp-json\/wp\/v2\/comments?post=10605"}],"version-history":[{"count":1,"href":"https:\/\/dgospel.com.br\/portal\/index.php\/wp-json\/wp\/v2\/posts\/10605\/revisions"}],"predecessor-version":[{"id":10607,"href":"https:\/\/dgospel.com.br\/portal\/index.php\/wp-json\/wp\/v2\/posts\/10605\/revisions\/10607"}],"wp:featuredmedia":[{"embeddable":true,"href":"https:\/\/dgospel.com.br\/portal\/index.php\/wp-json\/wp\/v2\/media\/10606"}],"wp:attachment":[{"href":"https:\/\/dgospel.com.br\/portal\/index.php\/wp-json\/wp\/v2\/media?parent=10605"}],"wp:term":[{"taxonomy":"category","embeddable":true,"href":"https:\/\/dgospel.com.br\/portal\/index.php\/wp-json\/wp\/v2\/categories?post=10605"},{"taxonomy":"post_tag","embeddable":true,"href":"https:\/\/dgospel.com.br\/portal\/index.php\/wp-json\/wp\/v2\/tags?post=10605"}],"curies":[{"name":"wp","href":"https:\/\/api.w.org\/{rel}","templated":true}]}}