{"id":10608,"date":"2022-02-21T16:40:03","date_gmt":"2022-02-21T19:40:03","guid":{"rendered":"http:\/\/dgospel.com.br\/portal\/?p=10608"},"modified":"2022-02-21T16:40:04","modified_gmt":"2022-02-21T19:40:04","slug":"bolsonaro-celebra-flexibilizacao-do-porte-de-armas-apos-brasil-ter-menor-taxa-de-homicidios-da-serie-historica","status":"publish","type":"post","link":"https:\/\/dgospel.com.br\/portal\/index.php\/2022\/02\/21\/bolsonaro-celebra-flexibilizacao-do-porte-de-armas-apos-brasil-ter-menor-taxa-de-homicidios-da-serie-historica\/","title":{"rendered":"Bolsonaro celebra flexibiliza\u00e7\u00e3o do porte de armas ap\u00f3s Brasil ter menor taxa de homic\u00eddios da s\u00e9rie hist\u00f3rica"},"content":{"rendered":"\n<p>O F\u00f3rum Brasileiro de Seguran\u00e7a P\u00fablica (FBSP) informou nesta segunda-feira (21) que o n\u00famero de homic\u00eddios no Brasil caiu 7% no ano passado, chegando ao menor patamar da s\u00e9rie hist\u00f3rica. Nesta manh\u00e3, o presidente Jair Bolsonaro atribuiu o \u00edndice \u00e0 flexibiliza\u00e7\u00e3o do porte de armas.<\/p>\n\n\n\n<p>\u2013 Voc\u00eas viram que o n\u00famero de homic\u00eddios por arma de fogo caiu para o menor n\u00famero hist\u00f3rico. Agora, a imprensa n\u00e3o fala que, entre outras coisas, a libera\u00e7\u00e3o das armas para o cidad\u00e3o de bem [contribuiu para isso]. O \u201ccara\u201d pensa duas vezes antes de fazer uma besteira. Agora, se tivesse aumentado, quem era o culpado? Nem precisa dizer \u2013 disse a apoiadores em frente ao Pal\u00e1cio da Alvorada.<\/p>\n\n\n\n<p>Em 2021, o Brasil registrou 41.069 mortes violentas intencionais. O n\u00famero \u00e9 o menor desde 2007, quando o FBSP come\u00e7ou a coletar os dados. O levantamento leva em considera\u00e7\u00e3o as mortes decorrentes de tr\u00eas crimes: homic\u00eddio doloso (feminic\u00eddio incluso), latroc\u00ednio (roubo seguido de morte) e les\u00e3o corporal seguida de morte.<\/p>\n\n\n\n<p>At\u00e9 a recente divulga\u00e7\u00e3o, 2019 havia sido o ano com a menor taxa de homic\u00eddios da s\u00e9rie hist\u00f3rica, registrando uma queda de 19% em rela\u00e7\u00e3o a 2018 e um total de 41.730 mortes violentas. Em 2020, o pa\u00eds sofreu uma alta de 5,7%, em plena pandemia, e somou um total de 44.118 mortes violentas.<\/p>\n\n\n\n<p>Com exce\u00e7\u00e3o de 2010, quando foram registradas 43.272 mortes violentas, os tr\u00eas \u00faltimos anos s\u00e3o os menores da s\u00e9rie hist\u00f3rica. Entretanto, at\u00e9 2011, o FBSP considerava apenas as ocorr\u00eancias, independente da quantidade de v\u00edtimas. Assim, um crime que deixou dois mortos, ou mais, aparecia no levantamento como se houvesse apenas uma morte.<\/p>\n\n\n\n<figure class=\"wp-block-embed-youtube wp-block-embed is-type-video is-provider-youtube wp-embed-aspect-16-9 wp-has-aspect-ratio\"><div class=\"wp-block-embed__wrapper\">\n<iframe loading=\"lazy\" title=\"AGORA! Presidente Jair Bolsonaro recebe homenagem inesperada e faz declara\u00e7\u00f5es\" width=\"630\" height=\"354\" src=\"https:\/\/www.youtube.com\/embed\/SU5xlzHwjDQ?start=77&#038;feature=oembed\" frameborder=\"0\" allow=\"accelerometer; autoplay; clipboard-write; encrypted-media; gyroscope; picture-in-picture\" allowfullscreen><\/iframe>\n<\/div><\/figure>\n","protected":false},"excerpt":{"rendered":"<p>O F\u00f3rum Brasileiro de Seguran\u00e7a P\u00fablica (FBSP) informou nesta segunda-feira (21) que o n\u00famero de homic\u00eddios no Brasil caiu 7% no ano passado, chegando ao menor patamar da s\u00e9rie hist\u00f3rica. Nesta manh\u00e3, o presidente Jair Bolsonaro atribuiu o \u00edndice \u00e0 flexibiliza\u00e7\u00e3o do porte de armas. \u2013 Voc\u00eas viram que o n\u00famero de homic\u00eddios por arma [&hellip;]<\/p>\n","protected":false},"author":2,"featured_media":10609,"comment_status":"open","ping_status":"open","sticky":false,"template":"","format":"standard","meta":[],"categories":[4],"tags":[14],"_links":{"self":[{"href":"https:\/\/dgospel.com.br\/portal\/index.php\/wp-json\/wp\/v2\/posts\/10608"}],"collection":[{"href":"https:\/\/dgospel.com.br\/portal\/index.php\/wp-json\/wp\/v2\/posts"}],"about":[{"href":"https:\/\/dgospel.com.br\/portal\/index.php\/wp-json\/wp\/v2\/types\/post"}],"author":[{"embeddable":true,"href":"https:\/\/dgospel.com.br\/portal\/index.php\/wp-json\/wp\/v2\/users\/2"}],"replies":[{"embeddable":true,"href":"https:\/\/dgospel.com.br\/portal\/index.php\/wp-json\/wp\/v2\/comments?post=10608"}],"version-history":[{"count":1,"href":"https:\/\/dgospel.com.br\/portal\/index.php\/wp-json\/wp\/v2\/posts\/10608\/revisions"}],"predecessor-version":[{"id":10610,"href":"https:\/\/dgospel.com.br\/portal\/index.php\/wp-json\/wp\/v2\/posts\/10608\/revisions\/10610"}],"wp:featuredmedia":[{"embeddable":true,"href":"https:\/\/dgospel.com.br\/portal\/index.php\/wp-json\/wp\/v2\/media\/10609"}],"wp:attachment":[{"href":"https:\/\/dgospel.com.br\/portal\/index.php\/wp-json\/wp\/v2\/media?parent=10608"}],"wp:term":[{"taxonomy":"category","embeddable":true,"href":"https:\/\/dgospel.com.br\/portal\/index.php\/wp-json\/wp\/v2\/categories?post=10608"},{"taxonomy":"post_tag","embeddable":true,"href":"https:\/\/dgospel.com.br\/portal\/index.php\/wp-json\/wp\/v2\/tags?post=10608"}],"curies":[{"name":"wp","href":"https:\/\/api.w.org\/{rel}","templated":true}]}}