{"id":1062,"date":"2018-08-21T16:13:09","date_gmt":"2018-08-21T19:13:09","guid":{"rendered":"http:\/\/dgospel.com.br\/portal\/?p=1062"},"modified":"2018-08-21T16:13:09","modified_gmt":"2018-08-21T19:13:09","slug":"nenhum-profissional-de-qualquer-area-alcanca-exito-sem-passar-pelas-maos-de-um-professor-diz-ataides-em-reuniao-com-educadores","status":"publish","type":"post","link":"https:\/\/dgospel.com.br\/portal\/index.php\/2018\/08\/21\/nenhum-profissional-de-qualquer-area-alcanca-exito-sem-passar-pelas-maos-de-um-professor-diz-ataides-em-reuniao-com-educadores\/","title":{"rendered":"\u201cNenhum profissional de qualquer \u00e1rea alcan\u00e7a \u00eaxito sem passar pelas m\u00e3os de um professor\u201d, diz Ata\u00eddes em reuni\u00e3o com educadores"},"content":{"rendered":"<p>Aplaudido v\u00e1rias vezes durante sua fala, o candidato \u00e0 reelei\u00e7\u00e3o \u00a0senador Ata\u00eddes Oliveira (PSDB) \u201cconvocou\u201d educadores de Palmas para se unirem ao projeto da coliga\u00e7\u00e3o <em>A Verdadeira Mudan\u00e7a. <\/em>\u201cVamos p\u00f4r o p\u00e9 nas ruas e pedir votos, \u00e9 uma quest\u00e3o de honra\u201d convocou \u00a0Ata\u00eddes.<\/p>\n<p>O chamado foi durante reuni\u00e3o com centenas de educadores de Palmas na noite dessa segunda-feira, 20, ao lado do candidato ao Governo, Carlos Amastha (PSB) e de proponentes a cargos na proporcional.<\/p>\n<p>Ao lembrar da inf\u00e2ncia pobre, Ata\u00eddes parabenizou os educadores pela dedica\u00e7\u00e3o di\u00e1ria no of\u00edcio de educar. \u201cNenhum profissional de qualquer \u00e1rea alcan\u00e7a \u00eaxito sem passar pelas m\u00e3os de um professor\u201d, reconheceu o candidato recebendo aplausos.<\/p>\n<p>Ata\u00eddes falou tamb\u00e9m sobre economia, pol\u00edtica e a reforma do Ensino M\u00e9dio, aprovada no ano passado, cujo maior desafio \u00e9 reduzir a evas\u00e3o escolar nessa etapa de ensiino. \u201cA reforma marcou um avan\u00e7o important\u00edssimo na Educa\u00e7\u00e3o. Precisamos acabar com a evas\u00e3o escolar. No Brasil s\u00e3o mais de 12% de evas\u00e3o escolar no Ensino M\u00e9dio. No Tocantins, 60 mil pessoas est\u00e3o fora da escola. N\u00e3o podemos aceitar isso. Precisamos virar esta p\u00e1gina\u201d, frisou \u00a0Ata\u00eddes.<\/p>\n<p>Realidade<\/p>\n<p>Francisco Filho, um dos educadores presentes na reuni\u00e3o, ouviu atentamente Ata\u00eddes e afirmou que conhece bem a realidade do ensino no Pa\u00eds \u201cS\u00e3o 23 anos dedicados ao Magist\u00e9rio. Lutamos todos os dias contra a evas\u00e3o escolar\u201d, lamentou.<\/p>\n<p>Diretor e professor da Escola Municipal Mestre Pac\u00edfico Siquera Campos, \u00a0Francisco Filho convive diariamente com 564 alunos do Ensino Fundamental.<\/p>\n<p>&nbsp;<\/p>\n","protected":false},"excerpt":{"rendered":"<p>Aplaudido v\u00e1rias vezes durante sua fala, o candidato \u00e0 reelei\u00e7\u00e3o \u00a0senador Ata\u00eddes Oliveira (PSDB) \u201cconvocou\u201d educadores de Palmas para se unirem ao projeto da coliga\u00e7\u00e3o A Verdadeira Mudan\u00e7a. \u201cVamos p\u00f4r o p\u00e9 nas ruas e pedir votos, \u00e9 uma quest\u00e3o de honra\u201d convocou \u00a0Ata\u00eddes. O chamado foi durante reuni\u00e3o com centenas de educadores de Palmas [&hellip;]<\/p>\n","protected":false},"author":2,"featured_media":1063,"comment_status":"open","ping_status":"open","sticky":false,"template":"","format":"standard","meta":[],"categories":[2,4],"tags":[],"_links":{"self":[{"href":"https:\/\/dgospel.com.br\/portal\/index.php\/wp-json\/wp\/v2\/posts\/1062"}],"collection":[{"href":"https:\/\/dgospel.com.br\/portal\/index.php\/wp-json\/wp\/v2\/posts"}],"about":[{"href":"https:\/\/dgospel.com.br\/portal\/index.php\/wp-json\/wp\/v2\/types\/post"}],"author":[{"embeddable":true,"href":"https:\/\/dgospel.com.br\/portal\/index.php\/wp-json\/wp\/v2\/users\/2"}],"replies":[{"embeddable":true,"href":"https:\/\/dgospel.com.br\/portal\/index.php\/wp-json\/wp\/v2\/comments?post=1062"}],"version-history":[{"count":1,"href":"https:\/\/dgospel.com.br\/portal\/index.php\/wp-json\/wp\/v2\/posts\/1062\/revisions"}],"predecessor-version":[{"id":1064,"href":"https:\/\/dgospel.com.br\/portal\/index.php\/wp-json\/wp\/v2\/posts\/1062\/revisions\/1064"}],"wp:featuredmedia":[{"embeddable":true,"href":"https:\/\/dgospel.com.br\/portal\/index.php\/wp-json\/wp\/v2\/media\/1063"}],"wp:attachment":[{"href":"https:\/\/dgospel.com.br\/portal\/index.php\/wp-json\/wp\/v2\/media?parent=1062"}],"wp:term":[{"taxonomy":"category","embeddable":true,"href":"https:\/\/dgospel.com.br\/portal\/index.php\/wp-json\/wp\/v2\/categories?post=1062"},{"taxonomy":"post_tag","embeddable":true,"href":"https:\/\/dgospel.com.br\/portal\/index.php\/wp-json\/wp\/v2\/tags?post=1062"}],"curies":[{"name":"wp","href":"https:\/\/api.w.org\/{rel}","templated":true}]}}