{"id":10620,"date":"2022-02-24T22:14:15","date_gmt":"2022-02-25T01:14:15","guid":{"rendered":"http:\/\/dgospel.com.br\/portal\/?p=10620"},"modified":"2022-02-24T22:14:16","modified_gmt":"2022-02-25T01:14:16","slug":"nova-identidade-vai-reunir-todas-as-informacoes-em-um-unico-documento","status":"publish","type":"post","link":"https:\/\/dgospel.com.br\/portal\/index.php\/2022\/02\/24\/nova-identidade-vai-reunir-todas-as-informacoes-em-um-unico-documento\/","title":{"rendered":"Nova identidade vai reunir todas as informa\u00e7\u00f5es em um \u00fanico documento"},"content":{"rendered":"\n<p>O Governo Federal lan\u00e7ou nesta quarta-feira (24) o novo documento de identidade que ser\u00e1 utilizado em todo territ\u00f3rio nacional. O modelo conta com diversos sistemas de seguran\u00e7a e utilizar\u00e1 o n\u00famero do Cadastro de Pessoa F\u00edsica (CPF) como identifica\u00e7\u00e3o \u00fanica. A previs\u00e3o \u00e9 que o novo RG passe a valer no dia 1\u00ba de mar\u00e7o e estar\u00e1 dispon\u00edvel no aplicativo gov.br. O evento contou com a presen\u00e7a do presidente da Rep\u00fablica, &nbsp;Jair Bolsonaro.<\/p>\n\n\n\n<p>De acordo com o ministro da Justi\u00e7a, Anderson Torres, o novo RG \u00e9 um marco de um tempo de controle, seriedade e tranquilidade para a popula\u00e7\u00e3o brasileira. \u201c A nova carteira de identidade \u00e9 um documento moderno, seguro, com os mais avan\u00e7ados elementos de seguran\u00e7a e formas de valida\u00e7\u00e3o dificultando fraudes e dando seguran\u00e7a \u00e0 sociedade brasileira de que o portador do documento \u00e9 realmente quem se apresenta.\u201d<\/p>\n\n\n\n<p>Segundo o ministro da Economia, Paulo Guedes, o lan\u00e7amento faz parte de um plano geral de moderniza\u00e7\u00e3o do Estado. \u201cTodo esse banco de dados pessoal vai estar dispon\u00edvel. Se o cidad\u00e3o tiver em qualquer cidade brasileira, se tiver um acidente, qualquer coisa, aquilo tudo \u00e9 transfer\u00edvel para onde ele estiver com a carteira dele.\u201d<\/p>\n\n\n\n<p>Os \u00f3rg\u00e3os de identifica\u00e7\u00e3o t\u00eam at\u00e9 6 de mar\u00e7o de 2023 para se adequarem. O novo documento de identidade atual continua sendo aceito por at\u00e9 10 anos para a popula\u00e7\u00e3o com at\u00e9 60 anos de idade. Para quem tem acima de 60 anos, ser\u00e1 aceito por prazo indeterminado.<\/p>\n\n\n\n<p><strong>Veja mais<\/strong><\/p>\n\n\n\n<p><a href=\"https:\/\/brasil61.com\/n\/governo-federal-reconhece-situacao-de-emergencia-em-dez-cidades-brasileiras-atingidas-por-desastres-naturais-pmdr220887\">Governo Federal reconhece situa\u00e7\u00e3o de emerg\u00eancia em dez cidades brasileiras atingidas por desastres naturais<\/a><\/p>\n\n\n\n<p><a href=\"https:\/\/brasil61.com\/n\/governo-federal-inicia-execucao-do-projeto-basico-do-canal-do-sertao-baiano-pmdr220885\">Governo Federal inicia execu\u00e7\u00e3o do projeto b\u00e1sico do Canal do Sert\u00e3o Baiano<\/a><\/p>\n\n\n\n<h2>Confira o que muda com o novo RG<\/h2>\n\n\n\n<p><strong>N\u00famero \u00danico<\/strong><\/p>\n\n\n\n<p>A principal mudan\u00e7a \u00e9 que o n\u00famero passa a ser \u00fanico e vinculado ao CPF do cidad\u00e3o. Antes, em caso de perda ou emiss\u00e3o em outro estado, o novo documento vinha com uma numera\u00e7\u00e3o nova. &nbsp;Isso, na pr\u00e1tica, significava que uma pessoa poderia ter 27 identidades com numera\u00e7\u00f5es diferentes.&nbsp;<\/p>\n\n\n\n<p><strong>Emiss\u00e3o&nbsp;<\/strong><\/p>\n\n\n\n<p>A emiss\u00e3o do novo RG ser\u00e1 gratuita e continuar\u00e1 sendo feita pelas secretarias estaduais de seguran\u00e7a p\u00fablica. As pastas, ao receberem o pedido do cidad\u00e3o, v\u00e3o validar a identifica\u00e7\u00e3o pela plataforma do Governo Federal, o Gov.br. No momento em que receberem o documento em papel ou policarbonato (pl\u00e1stico), as pessoas poder\u00e3o acess\u00e1-lo tamb\u00e9m pelo mesmo aplicativo.&nbsp;<\/p>\n\n\n\n<p>O ministro da Justi\u00e7a fez quest\u00e3o de ressaltar que as secretarias foram consultadas sobre o novo modelo, que foi apresentado antecipadamente em uma reuni\u00e3o realizada na semana passada no pr\u00f3prio minist\u00e9rio com a presen\u00e7a dos secret\u00e1rios estaduais.&nbsp;<\/p>\n\n\n\n<p><strong>Padr\u00e3o Internacional&nbsp;<\/strong><\/p>\n\n\n\n<p>Outra novidade \u00e9 que a documenta\u00e7\u00e3o nova poder\u00e1 ser utilizada em viagens &nbsp;internacionais e nacionais, j\u00e1 passa a contar com o c\u00f3digo Machine Readable Zone, mesma tecnologia presente no passaporte.<\/p>\n\n\n\n<p><strong>Validade&nbsp;<\/strong><\/p>\n\n\n\n<p>O novo Registro Geral ter\u00e1 outros prazos de validade:&nbsp;<\/p>\n\n\n\n<ul><li>pessoas com idade entre 0 e 12 anos &#8211; validade de 5 anos;&nbsp;<\/li><li>de 12 a 60 anos incompletos &#8211; validade de 10 anos,&nbsp;<\/li><li>a partir de 60 anos &#8211; validade indeterminada.<\/li><\/ul>\n\n\n\n<p><strong>Santa Catarina<\/strong><\/p>\n\n\n\n<p>Desde de o dia 8 de novembro de 2021, os RGs produzidos no estado de Santa Catarina seguem o modelo que passar\u00e1 a ser adotado. O projeto pioneiro foi feito em parceria com Centro de Inform\u00e1tica e Automa\u00e7\u00e3o do Estado de Santa Catarina &nbsp;e da Receita Federal.<\/p>\n\n\n\n<p> \n\nFonte: <a href=\"https:\/\/brasil61.com\/n\/nova-identidade-vai-reunir-todas-as-informacoes-em-um-unico-documento-mjus220006?email=dgospel1@gmail.com&amp;utm_source=email_individual&amp;utm_medium=email_individual&amp;utm_campaign=email_individual\" target=\"_blank\" rel=\"noreferrer noopener\">Brasil 61<\/a><\/p>\n","protected":false},"excerpt":{"rendered":"<p>O Governo Federal lan\u00e7ou nesta quarta-feira (24) o novo documento de identidade que ser\u00e1 utilizado em todo territ\u00f3rio nacional. O modelo conta com diversos sistemas de seguran\u00e7a e utilizar\u00e1 o n\u00famero do Cadastro de Pessoa F\u00edsica (CPF) como identifica\u00e7\u00e3o \u00fanica. A previs\u00e3o \u00e9 que o novo RG passe a valer no dia 1\u00ba de mar\u00e7o [&hellip;]<\/p>\n","protected":false},"author":2,"featured_media":10621,"comment_status":"open","ping_status":"open","sticky":false,"template":"","format":"standard","meta":[],"categories":[4],"tags":[14],"_links":{"self":[{"href":"https:\/\/dgospel.com.br\/portal\/index.php\/wp-json\/wp\/v2\/posts\/10620"}],"collection":[{"href":"https:\/\/dgospel.com.br\/portal\/index.php\/wp-json\/wp\/v2\/posts"}],"about":[{"href":"https:\/\/dgospel.com.br\/portal\/index.php\/wp-json\/wp\/v2\/types\/post"}],"author":[{"embeddable":true,"href":"https:\/\/dgospel.com.br\/portal\/index.php\/wp-json\/wp\/v2\/users\/2"}],"replies":[{"embeddable":true,"href":"https:\/\/dgospel.com.br\/portal\/index.php\/wp-json\/wp\/v2\/comments?post=10620"}],"version-history":[{"count":1,"href":"https:\/\/dgospel.com.br\/portal\/index.php\/wp-json\/wp\/v2\/posts\/10620\/revisions"}],"predecessor-version":[{"id":10622,"href":"https:\/\/dgospel.com.br\/portal\/index.php\/wp-json\/wp\/v2\/posts\/10620\/revisions\/10622"}],"wp:featuredmedia":[{"embeddable":true,"href":"https:\/\/dgospel.com.br\/portal\/index.php\/wp-json\/wp\/v2\/media\/10621"}],"wp:attachment":[{"href":"https:\/\/dgospel.com.br\/portal\/index.php\/wp-json\/wp\/v2\/media?parent=10620"}],"wp:term":[{"taxonomy":"category","embeddable":true,"href":"https:\/\/dgospel.com.br\/portal\/index.php\/wp-json\/wp\/v2\/categories?post=10620"},{"taxonomy":"post_tag","embeddable":true,"href":"https:\/\/dgospel.com.br\/portal\/index.php\/wp-json\/wp\/v2\/tags?post=10620"}],"curies":[{"name":"wp","href":"https:\/\/api.w.org\/{rel}","templated":true}]}}