{"id":10623,"date":"2022-02-24T22:26:20","date_gmt":"2022-02-25T01:26:20","guid":{"rendered":"http:\/\/dgospel.com.br\/portal\/?p=10623"},"modified":"2022-02-24T22:26:21","modified_gmt":"2022-02-25T01:26:21","slug":"decreto-cancela-palmas-capital-da-fe-deste-ano","status":"publish","type":"post","link":"https:\/\/dgospel.com.br\/portal\/index.php\/2022\/02\/24\/decreto-cancela-palmas-capital-da-fe-deste-ano\/","title":{"rendered":"Decreto cancela Palmas Capital da F\u00e9 deste ano"},"content":{"rendered":"\n<p>A Prefeitura Municipal de Palmas cancelou a edi\u00e7\u00e3o do Palmas Capital da F\u00e9 de 2022, e vedou a realiza\u00e7\u00e3o de quaisquer festividades de 25 de fevereiro a 01 de mar\u00e7o de 2022, em todos os locais p\u00fablicos de Palmas, sejam eles urbanos ou da zona rural. O cancelamento foi publicado no Di\u00e1rio Oficial (DOM) de&nbsp;<a rel=\"noreferrer noopener\" target=\"_blank\" href=\"http:\/\/diariooficial.palmas.to.gov.br\/media\/diario\/2926-22-2-2022-20-1-13.pdf\">22 de fevereiro de 2022<\/a>.<\/p>\n\n\n\n<p>De acordo com o Decreto, o cancelamento e as veda\u00e7\u00f5es se deram em virtude da declara\u00e7\u00e3o de emerg\u00eancia em sa\u00fade p\u00fablica feita pela Organiza\u00e7\u00e3o Mundial da Sa\u00fade (OMS), em 30 de janeiro de 2020, por conta da infec\u00e7\u00e3o humana pelo novo coronav\u00edrus, bem como devido \u00e0 prorroga\u00e7\u00e3o do estado de calamidade no munic\u00edpio de Palmas, at\u00e9 29 de junho de 2022.<\/p>\n\n\n\n<p>Por fim, o Decreto ressalta que cancelou o Palmas Capital da F\u00e9 e as festividades em espa\u00e7os p\u00fablicos em virtude da necessidade de manter o enfrentamento da pandemia, que exige medidas efetivas do Poder P\u00fablico para minimizar os \u00edndices de contamina\u00e7\u00e3o pela Covid -19, bem como os efeitos no sistema de sa\u00fade da Capital.<\/p>\n","protected":false},"excerpt":{"rendered":"<p>A Prefeitura Municipal de Palmas cancelou a edi\u00e7\u00e3o do Palmas Capital da F\u00e9 de 2022, e vedou a realiza\u00e7\u00e3o de quaisquer festividades de 25 de fevereiro a 01 de mar\u00e7o de 2022, em todos os locais p\u00fablicos de Palmas, sejam eles urbanos ou da zona rural. O cancelamento foi publicado no Di\u00e1rio Oficial (DOM) de&nbsp;22 [&hellip;]<\/p>\n","protected":false},"author":2,"featured_media":10624,"comment_status":"open","ping_status":"open","sticky":false,"template":"","format":"standard","meta":[],"categories":[5],"tags":[],"_links":{"self":[{"href":"https:\/\/dgospel.com.br\/portal\/index.php\/wp-json\/wp\/v2\/posts\/10623"}],"collection":[{"href":"https:\/\/dgospel.com.br\/portal\/index.php\/wp-json\/wp\/v2\/posts"}],"about":[{"href":"https:\/\/dgospel.com.br\/portal\/index.php\/wp-json\/wp\/v2\/types\/post"}],"author":[{"embeddable":true,"href":"https:\/\/dgospel.com.br\/portal\/index.php\/wp-json\/wp\/v2\/users\/2"}],"replies":[{"embeddable":true,"href":"https:\/\/dgospel.com.br\/portal\/index.php\/wp-json\/wp\/v2\/comments?post=10623"}],"version-history":[{"count":1,"href":"https:\/\/dgospel.com.br\/portal\/index.php\/wp-json\/wp\/v2\/posts\/10623\/revisions"}],"predecessor-version":[{"id":10625,"href":"https:\/\/dgospel.com.br\/portal\/index.php\/wp-json\/wp\/v2\/posts\/10623\/revisions\/10625"}],"wp:featuredmedia":[{"embeddable":true,"href":"https:\/\/dgospel.com.br\/portal\/index.php\/wp-json\/wp\/v2\/media\/10624"}],"wp:attachment":[{"href":"https:\/\/dgospel.com.br\/portal\/index.php\/wp-json\/wp\/v2\/media?parent=10623"}],"wp:term":[{"taxonomy":"category","embeddable":true,"href":"https:\/\/dgospel.com.br\/portal\/index.php\/wp-json\/wp\/v2\/categories?post=10623"},{"taxonomy":"post_tag","embeddable":true,"href":"https:\/\/dgospel.com.br\/portal\/index.php\/wp-json\/wp\/v2\/tags?post=10623"}],"curies":[{"name":"wp","href":"https:\/\/api.w.org\/{rel}","templated":true}]}}