{"id":10626,"date":"2022-02-24T22:46:07","date_gmt":"2022-02-25T01:46:07","guid":{"rendered":"http:\/\/dgospel.com.br\/portal\/?p=10626"},"modified":"2022-02-24T22:46:09","modified_gmt":"2022-02-25T01:46:09","slug":"soma-da-terceira-via-fica-em-apenas-6-em-pesquisa-eleitoral","status":"publish","type":"post","link":"https:\/\/dgospel.com.br\/portal\/index.php\/2022\/02\/24\/soma-da-terceira-via-fica-em-apenas-6-em-pesquisa-eleitoral\/","title":{"rendered":"Soma da \u201cterceira via\u201d fica em apenas 6% em pesquisa eleitoral"},"content":{"rendered":"\n<p> Al\u00e9m de apontar a lideran\u00e7a do presidente\u00a0<a rel=\"noreferrer noopener\" href=\"http:\/\/pleno.news\/tag\/jair-bolsonaro\" target=\"_blank\">Jair Bolsonaro<\/a>\u00a0nas inten\u00e7\u00f5es de voto para outubro, a pesquisa Futura\/ModalMais divulgada nesta quarta-feira (23) indicou tamb\u00e9m um outro fen\u00f4meno que parece estar se desenhando para o pleito deste ano: o resultado fraco da chamada \u201cterceira via\u201d recentemente. <\/p>\n\n\n\n<figure class=\"wp-block-image\"><img src=\"https:\/\/static.cdn.pleno.news\/2021\/12\/terceira-via-1024x640.jpg\" alt=\"\" class=\"wp-image-850282\"\/><\/figure>\n\n\n\n<p>Principais integrantes da chamada \u201cterceira via\u201d\u00a0Fotos: EFE\/ Jo\u00e9dson Alves \/\/ Ag\u00eancia Senado\/Jefferson Rudy \/\/ Reprodu\u00e7\u00e3o\/YouTube Veja <\/p>\n\n\n\n<p> Na an\u00e1lise espont\u00e2nea, que \u00e9 realizada sem que o entrevistado seja informado sobre quem s\u00e3o os candidatos, a soma dos concorrentes de fora da dupla que lidera as pesquisas, composta pelo presidente Jair Bolsonaro (PL) e pelo ex-presidente\u00a0<a rel=\"noreferrer noopener\" href=\"http:\/\/pleno.news\/tag\/lula\" target=\"_blank\">Lula<\/a>\u00a0(PT), ficou em apenas 6%. O resultado corrobora a tend\u00eancia de queda que vem sendo apresentada desde o fim de 2021. <\/p>\n\n\n\n<p>Em dezembro do ano passado, uma outra pesquisa de inten\u00e7\u00e3o de voto espont\u00e2nea, feita pela parceria Futura\/ModalMais, apontou que a soma dos candidatos da \u201cterceira via\u201d era de 9,8%. Na ocasi\u00e3o, o grupo era liderado estatisticamente pelo ex-ministro Sergio Moro, que aparecia com 4,2%.<\/p>\n\n\n\n<p>J\u00e1 em uma an\u00e1lise mais recente realizada pelas empresas, feita em janeiro de 2022, a chamada \u201cterceira via\u201d caiu 3 pontos percentuais, diminuindo seu total de inten\u00e7\u00e3o de voto para 6,8%. Moro, apesar de ainda liderar o grupo, caiu mais de um ponto percentual em rela\u00e7\u00e3o \u00e0 an\u00e1lise anterior, aparecendo com apenas 3%.<\/p>\n\n\n\n<p>Na pesquisa divulgada nesta quarta, por sua vez, Moro segue liderando a chamada terceira via, mas com apenas 2,7%. Na sequ\u00eancia, aparecem Ciro Gomes (PDT), com 1,7%; Jo\u00e3o Doria (PSDB), com 0,4%; Andr\u00e9 Janones (Avante), com 0,3%, Simone Tebet (MDB), com 0,2%; e Guilherme Boulos (PSOL), com 0,1%. A soma de outros candidatos aparece com 0,6%.<\/p>\n\n\n\n<p>A pesquisa divulgada nesta quarta foi realizada entre os dias 14 a 17 de fevereiro, com 2 mil pessoas. As entrevistas foram realizadas por telefone. A margem de erro \u00e9 de 2,2 pontos percentuais. Ela foi registrada com o n\u00famero BR-03014\/2022 na Justi\u00e7a Eleitoral.<\/p>\n","protected":false},"excerpt":{"rendered":"<p>Al\u00e9m de apontar a lideran\u00e7a do presidente\u00a0Jair Bolsonaro\u00a0nas inten\u00e7\u00f5es de voto para outubro, a pesquisa Futura\/ModalMais divulgada nesta quarta-feira (23) indicou tamb\u00e9m um outro fen\u00f4meno que parece estar se desenhando para o pleito deste ano: o resultado fraco da chamada \u201cterceira via\u201d recentemente. Principais integrantes da chamada \u201cterceira via\u201d\u00a0Fotos: EFE\/ Jo\u00e9dson Alves \/\/ Ag\u00eancia Senado\/Jefferson [&hellip;]<\/p>\n","protected":false},"author":2,"featured_media":10627,"comment_status":"open","ping_status":"open","sticky":false,"template":"","format":"standard","meta":[],"categories":[4],"tags":[14],"_links":{"self":[{"href":"https:\/\/dgospel.com.br\/portal\/index.php\/wp-json\/wp\/v2\/posts\/10626"}],"collection":[{"href":"https:\/\/dgospel.com.br\/portal\/index.php\/wp-json\/wp\/v2\/posts"}],"about":[{"href":"https:\/\/dgospel.com.br\/portal\/index.php\/wp-json\/wp\/v2\/types\/post"}],"author":[{"embeddable":true,"href":"https:\/\/dgospel.com.br\/portal\/index.php\/wp-json\/wp\/v2\/users\/2"}],"replies":[{"embeddable":true,"href":"https:\/\/dgospel.com.br\/portal\/index.php\/wp-json\/wp\/v2\/comments?post=10626"}],"version-history":[{"count":1,"href":"https:\/\/dgospel.com.br\/portal\/index.php\/wp-json\/wp\/v2\/posts\/10626\/revisions"}],"predecessor-version":[{"id":10628,"href":"https:\/\/dgospel.com.br\/portal\/index.php\/wp-json\/wp\/v2\/posts\/10626\/revisions\/10628"}],"wp:featuredmedia":[{"embeddable":true,"href":"https:\/\/dgospel.com.br\/portal\/index.php\/wp-json\/wp\/v2\/media\/10627"}],"wp:attachment":[{"href":"https:\/\/dgospel.com.br\/portal\/index.php\/wp-json\/wp\/v2\/media?parent=10626"}],"wp:term":[{"taxonomy":"category","embeddable":true,"href":"https:\/\/dgospel.com.br\/portal\/index.php\/wp-json\/wp\/v2\/categories?post=10626"},{"taxonomy":"post_tag","embeddable":true,"href":"https:\/\/dgospel.com.br\/portal\/index.php\/wp-json\/wp\/v2\/tags?post=10626"}],"curies":[{"name":"wp","href":"https:\/\/api.w.org\/{rel}","templated":true}]}}