{"id":10629,"date":"2022-02-24T22:55:30","date_gmt":"2022-02-25T01:55:30","guid":{"rendered":"http:\/\/dgospel.com.br\/portal\/?p=10629"},"modified":"2022-02-24T22:55:31","modified_gmt":"2022-02-25T01:55:31","slug":"bolsonaro-fala-em-defesa-de-brasileiros-que-estao-na-ucrania","status":"publish","type":"post","link":"https:\/\/dgospel.com.br\/portal\/index.php\/2022\/02\/24\/bolsonaro-fala-em-defesa-de-brasileiros-que-estao-na-ucrania\/","title":{"rendered":"Bolsonaro fala em defesa de brasileiros que est\u00e3o na Ucr\u00e2nia"},"content":{"rendered":"\n<p>Nesta quinta-feira (24), o presidente Jair Bolsonaro disse que est\u00e1 \u201ctotalmente empenhado no esfor\u00e7o de proteger e auxiliar os brasileiros que est\u00e3o na Ucr\u00e2nia\u201d. O pa\u00eds foi alvo de m\u00edsseis e de uma invas\u00e3o do Ex\u00e9rcito russo no in\u00edcio desta madrugada.<\/p>\n\n\n\n<p>Por meio de seu Twitter, Bolsonaro disse que \u201cnossa Embaixada em Kiev [capital da Ucr\u00e2nia] permanece aberta e pronta a auxiliar os cerca de 500 cidad\u00e3os brasileiros que vivem na Ucr\u00e2nia e todos os demais que estejam por l\u00e1 temporariamente\u201d.<\/p>\n\n\n\n<figure class=\"wp-block-image\"><img src=\"https:\/\/static.cdn.pleno.news\/2022\/02\/70f7a0f702ddf4feab118b24a0cd1aa0cb706b1c-768x576.jpg\" alt=\"Foto da Defesa Ucraniana mostra ve\u00edculo russo (APC) queimado na Ucr\u00e2nia\"\/><figcaption>Foto da Defesa Ucraniana mostra ve\u00edculo russo (APC) queimado na Ucr\u00e2nia&nbsp;\/ Foto: EFE\/EPA\/Minist\u00e9rio de Defesa da Ucr\u00e2nia<\/figcaption><\/figure>\n\n\n\n<figure class=\"wp-block-image\"><img src=\"https:\/\/static.cdn.pleno.news\/2022\/02\/957c709bacccc5b94f57fe2d7a7bd3b5e88c81adw-e1645704540537-768x514.jpg\" alt=\"Consequ\u00eancias da explos\u00e3o em Kiev quando tropas russas entram na Ucr\u00e2nia\"\/><figcaption>Consequ\u00eancias da explos\u00e3o em Kiev quando tropas russas entram na Ucr\u00e2nia&nbsp;\/ Foto: EFE\/EPA\/MIKHAIL PALINCHAK<\/figcaption><\/figure>\n\n\n\n<figure class=\"wp-block-image\"><img src=\"https:\/\/static.cdn.pleno.news\/2022\/02\/d01cbf3b64fe45fdff7164bde22dd752c9033a2bw-768x576.jpg\" alt=\"Consequ\u00eancias da explos\u00e3o em Kiev quando tropas russas entram na Ucr\u00e2nia\"\/><figcaption>Consequ\u00eancias da explos\u00e3o em Kiev quando tropas russas entram na Ucr\u00e2nia&nbsp;\/ Foto: EFE\/EPA\/MIKHAIL PALINCHAK<\/figcaption><\/figure>\n\n\n\n<figure class=\"wp-block-image\"><img src=\"https:\/\/static.cdn.pleno.news\/2022\/02\/cf0e7400b1b761dc645f66a6bc541a14d4743235w-768x1091.jpg\" alt=\"Consequ\u00eancias da explos\u00e3o em Kiev quando tropas russas entram na Ucr\u00e2nia\"\/><figcaption>Consequ\u00eancias da explos\u00e3o em Kiev quando tropas russas entram na Ucr\u00e2nia&nbsp;\/ Foto: EFE\/EPA\/MIKHAIL PALINCHAK<\/figcaption><\/figure>\n\n\n\n<figure class=\"wp-block-image\"><img src=\"https:\/\/static.cdn.pleno.news\/2022\/02\/dc53587bcd0d26c1c6af25a6c76adca74a36965dw-768x496.jpg\" alt=\"Consequ\u00eancias da explos\u00e3o em Kiev quando tropas russas entram na Ucr\u00e2nia\"\/><figcaption>Consequ\u00eancias da explos\u00e3o em Kiev quando tropas russas entram na Ucr\u00e2nia&nbsp;\/ Foto: EFE\/EPA\/Minist\u00e9rio do Interior da Ucr\u00e2nia<\/figcaption><\/figure>\n\n\n\n<figure class=\"wp-block-image\"><img src=\"https:\/\/static.cdn.pleno.news\/2022\/02\/7308c61402c3cbe9db68114174014234aa12fcb3miniw-768x518.jpg\" alt=\"Consequ\u00eancias da explos\u00e3o em Kiev quando tropas russas entram na Ucr\u00e2nia\"\/><figcaption>Consequ\u00eancias da explos\u00e3o em Kiev quando tropas russas entram na Ucr\u00e2nia&nbsp;\/ Foto: EFE\/EPA\/Minist\u00e9rio do Interior da Ucr\u00e2nia<\/figcaption><\/figure>\n\n\n\n<figure class=\"wp-block-image\"><img src=\"https:\/\/static.cdn.pleno.news\/2022\/02\/80678092dbbd77e10c02388fe79c92b0826403d9miniw-768x512.jpg\" alt=\"Consequ\u00eancias da explos\u00e3o em Kiev quando tropas russas entram na Ucr\u00e2nia\"\/><figcaption>Consequ\u00eancias da explos\u00e3o em Kiev quando tropas russas entram na Ucr\u00e2nia&nbsp;\/ Foto: EFE\/EPA\/Minist\u00e9rio do Interior da Ucr\u00e2nia<\/figcaption><\/figure>\n\n\n\n<figure class=\"wp-block-image\"><img src=\"https:\/\/static.cdn.pleno.news\/2022\/02\/719b5192b0babc2ba1cc962dae12aa4a3309da0aminiw-768x543.jpg\" alt=\"Consequ\u00eancias da explos\u00e3o em Kiev quando tropas russas entram na Ucr\u00e2nia\"\/><figcaption>Consequ\u00eancias da explos\u00e3o em Kiev quando tropas russas entram na Ucr\u00e2nia&nbsp;\/ Foto: EFE\/EPA\/Minist\u00e9rio do Interior da Ucr\u00e2nia<\/figcaption><\/figure>\n\n\n\n<figure class=\"wp-block-image\"><img src=\"https:\/\/static.cdn.pleno.news\/2022\/02\/dc9e8a7c9b56dd5c53e98ad65c66422da0072f47w-768x442.jpg\" alt=\"Consequ\u00eancias do bombardeio em posto militar na Ucr\u00e2nia\"\/><figcaption>Consequ\u00eancias do bombardeio em posto militar na Ucr\u00e2nia&nbsp;\/ Foto: EFE\/EPA\/Embaixada da Ucr\u00e2nia<\/figcaption><\/figure>\n\n\n\n<figure class=\"wp-block-image\"><img src=\"https:\/\/static.cdn.pleno.news\/2022\/02\/57c9223cdb09cf6a8fb4f6f9b7ded0ee7d1848a3w-768x434.jpg\" alt=\"Consequ\u00eancias do bombardeio em posto militar na Ucr\u00e2nia\"\/><figcaption>Consequ\u00eancias do bombardeio em posto militar na Ucr\u00e2nia&nbsp;\/ Foto: EFE\/EPA\/Embaixada da Ucr\u00e2nia<\/figcaption><\/figure>\n\n\n\n<ul><li>1\u00a0de 10<\/li><\/ul>\n\n\n\n<p>O presidente informou que a Embaixada brasileira est\u00e1 renovando o cadastro dos brasileiros que est\u00e3o na Ucr\u00e2nia e que as orienta\u00e7\u00f5es est\u00e3o sendo passadas de quatro formas: Via SMS, pelo&nbsp;<a href=\"http:\/\/kiev.itamaraty.gov.br\/\" target=\"_blank\" rel=\"noreferrer noopener\">site da embaixada<\/a>, pela sua&nbsp;<a href=\"https:\/\/facebook.com\/Brasil.Ukraine\" target=\"_blank\" rel=\"noreferrer noopener\">p\u00e1gina no Facebook<\/a>, ou pelo&nbsp;<a href=\"https:\/\/t.me\/s\/embaixadabrasilkiev\" target=\"_blank\" rel=\"noreferrer noopener\">grupo do Telegram<\/a>.<\/p>\n\n\n\n<p>Bolsonaro pediu ainda que os brasileiros que est\u00e3o no territ\u00f3rio ucraniano mantenham contato di\u00e1rio com a Embaixada brasileira e que, se precisarem de ajuda para deixar a Ucr\u00e2nia, sigam as orienta\u00e7\u00f5es do servi\u00e7o consular da Embaixada. Brasileiros que estiverem no leste do pa\u00eds, um dos principais focos do conflito, devem se deslocar para Kiev \u201cassim que as condi\u00e7\u00f5es de seguran\u00e7a\u201d permitirem.<\/p>\n\n\n\n<p>O presidente brasileiro disse ainda que situa\u00e7\u00f5es de emerg\u00eancia ser\u00e3o atendidas pelo plant\u00e3o consular por meio do telefone +55 61 98260-0610. O presidente garantiu que todas as demandas ser\u00e3o atendidas \u201ccom total empenho e prioridade\u201d.<\/p>\n","protected":false},"excerpt":{"rendered":"<p>Nesta quinta-feira (24), o presidente Jair Bolsonaro disse que est\u00e1 \u201ctotalmente empenhado no esfor\u00e7o de proteger e auxiliar os brasileiros que est\u00e3o na Ucr\u00e2nia\u201d. O pa\u00eds foi alvo de m\u00edsseis e de uma invas\u00e3o do Ex\u00e9rcito russo no in\u00edcio desta madrugada. Por meio de seu Twitter, Bolsonaro disse que \u201cnossa Embaixada em Kiev [capital da [&hellip;]<\/p>\n","protected":false},"author":2,"featured_media":10630,"comment_status":"open","ping_status":"open","sticky":false,"template":"","format":"standard","meta":[],"categories":[4],"tags":[],"_links":{"self":[{"href":"https:\/\/dgospel.com.br\/portal\/index.php\/wp-json\/wp\/v2\/posts\/10629"}],"collection":[{"href":"https:\/\/dgospel.com.br\/portal\/index.php\/wp-json\/wp\/v2\/posts"}],"about":[{"href":"https:\/\/dgospel.com.br\/portal\/index.php\/wp-json\/wp\/v2\/types\/post"}],"author":[{"embeddable":true,"href":"https:\/\/dgospel.com.br\/portal\/index.php\/wp-json\/wp\/v2\/users\/2"}],"replies":[{"embeddable":true,"href":"https:\/\/dgospel.com.br\/portal\/index.php\/wp-json\/wp\/v2\/comments?post=10629"}],"version-history":[{"count":1,"href":"https:\/\/dgospel.com.br\/portal\/index.php\/wp-json\/wp\/v2\/posts\/10629\/revisions"}],"predecessor-version":[{"id":10631,"href":"https:\/\/dgospel.com.br\/portal\/index.php\/wp-json\/wp\/v2\/posts\/10629\/revisions\/10631"}],"wp:featuredmedia":[{"embeddable":true,"href":"https:\/\/dgospel.com.br\/portal\/index.php\/wp-json\/wp\/v2\/media\/10630"}],"wp:attachment":[{"href":"https:\/\/dgospel.com.br\/portal\/index.php\/wp-json\/wp\/v2\/media?parent=10629"}],"wp:term":[{"taxonomy":"category","embeddable":true,"href":"https:\/\/dgospel.com.br\/portal\/index.php\/wp-json\/wp\/v2\/categories?post=10629"},{"taxonomy":"post_tag","embeddable":true,"href":"https:\/\/dgospel.com.br\/portal\/index.php\/wp-json\/wp\/v2\/tags?post=10629"}],"curies":[{"name":"wp","href":"https:\/\/api.w.org\/{rel}","templated":true}]}}