{"id":10632,"date":"2022-02-24T23:00:26","date_gmt":"2022-02-25T02:00:26","guid":{"rendered":"http:\/\/dgospel.com.br\/portal\/?p=10632"},"modified":"2022-02-24T23:00:28","modified_gmt":"2022-02-25T02:00:28","slug":"igreja-evangelica-no-ceara-e-vandalizada-por-militante-do-pt-denuncia-deputado","status":"publish","type":"post","link":"https:\/\/dgospel.com.br\/portal\/index.php\/2022\/02\/24\/igreja-evangelica-no-ceara-e-vandalizada-por-militante-do-pt-denuncia-deputado\/","title":{"rendered":"Igreja evang\u00e9lica no Cear\u00e1 \u00e9 vandalizada por militante do PT, denuncia deputado"},"content":{"rendered":"\n<p>\n\nNesta quarta-feira (23), uma igreja evang\u00e9lica foi&nbsp;<a href=\"https:\/\/guiame.com.br\/gospel\/noticias\/igreja-e-vandalizada-com-simbolos-nazistas-e-mensagens-contra-cristaos-no-para.html\"><strong>vandalizada<\/strong><\/a>&nbsp;por um militante do PT, em Tau\u00e1, no interior do Cear\u00e1. A den\u00fancia do ataque foi feita pelo deputado estadual Andr\u00e9 Fernandes (PL) em v\u00eddeo publicado em sua conta no Instagram.\n\n<\/p>\n\n\n\n<figure class=\"wp-block-image\"><img src=\"https:\/\/thumbor.guiame.com.br\/unsafe\/840x500\/http:\/\/media.guiame.com.br\/archives\/2022\/02\/24\/747389382-igreja-depredada-ceara.jpg\" alt=\"A Assembleia de Deus Templo Central, em Tau\u00e1, foi depredada por um militante petista. (Foto: Arquivo pessoal).\"\/><figcaption>A Assembleia de Deus Templo Central, em Tau\u00e1, foi depredada por um militante petista. (Foto: Arquivo pessoal).<\/figcaption><\/figure>\n\n\n\n<p>De acordo com relatos de membros, o homem invadiu o pr\u00e9dio da Assembleia de Deus Templo Central e danificou objetos da igreja. O petista derrubou o p\u00falpito de vidro no ch\u00e3o, que se quebrou totalmente em cacos. Tamb\u00e9m quebrou o notebook da congrega\u00e7\u00e3o, caixas de som, vasos de flores decorativos e o controle do ar-condicionado.<\/p>\n\n\n\n<p>\u201cEle quebrou tudo dentro da igreja, est\u00e1 tudo no ch\u00e3o. Ele entrou para bagun\u00e7ar mesmo\u201d, narrou um fi\u00e9l, enquanto mostrava os danos em v\u00eddeo publicado no Twitter por Fernandes.\u00a0<\/p>\n\n\n\n<figure class=\"wp-block-embed-twitter wp-block-embed is-type-rich is-provider-twitter\"><div class=\"wp-block-embed__wrapper\">\n<blockquote class=\"twitter-tweet\" data-width=\"550\" data-dnt=\"true\"><p lang=\"pt\" dir=\"ltr\">Acabei de receber informa\u00e7\u00f5es do ataque efetuado contra a igreja Assembleia de Deus Templo Central de Tau\u00e1\/CE. Estou encaminhando um of\u00edcio ao Secret\u00e1rio de Seguran\u00e7a P\u00fablica do Cear\u00e1 solicitando investiga\u00e7\u00e3o para descobrir o autor da depreda\u00e7\u00e3o.<br><br>Intoler\u00e2ncia religiosa \u00e9 CRIME! <a href=\"https:\/\/t.co\/UGAcurV3wJ\">pic.twitter.com\/UGAcurV3wJ<\/a><\/p>&mdash; Andr\u00e9 Fernandes (@andrefernm) <a href=\"https:\/\/twitter.com\/andrefernm\/status\/1496539510682828809?ref_src=twsrc%5Etfw\">February 23, 2022<\/a><\/blockquote><script async src=\"https:\/\/platform.twitter.com\/widgets.js\" charset=\"utf-8\"><\/script>\n<\/div><\/figure>\n\n\n\n<p>O homem foi detido e conduzido por policiais militares at\u00e9 a Delegacia da Pol\u00edcia Civil de Tau\u00e1, onde assinou um Termo Circunstanciado de Ocorr\u00eancia (TCO) para auxiliar no trabalho policial, conforme o G1.<\/p>\n\n\n\n<p>Segundo Andr\u00e9 Fernandes, o v\u00e2ndalo foi identificado como o militante do PT Ronaldo Carlos Lopes. O deputado tamb\u00e9m afirmou que encaminhou o caso para o Minist\u00e9rio da Justi\u00e7a.<\/p>\n\n\n\n<p>\u201cN\u00e3o \u00e9 apenas intoler\u00e2ncia religiosa. \u00c9 crime, de acordo com o artigo 208 do C\u00f3digo Penal Brasileiro, vilipendiar ato ou objeto de culto religioso\u201d, destacou Andr\u00e9 Fernandes.&nbsp;<\/p>\n\n\n\n<p>O epis\u00f3dio de intoler\u00e2ncia religiosa contra a igreja evang\u00e9lica acontece semanas depois que o vereador do PT,&nbsp;<strong><a href=\"https:\/\/guiame.com.br\/gospel\/noticias\/conselho-de-etica-abre-processo-contra-vereador-do-pt-que-invadiu-igreja-em-curitiba.html\">Renato Freitas<\/a><\/strong>, liderou uma<strong><a href=\"https:\/\/guiame.com.br\/gospel\/missoes-acao-social\/manifestantes-da-esquerda-invadem-igreja-catolica-e-interrompem-missa-no-parana.html\">&nbsp;invas\u00e3o a uma igreja cat\u00f3lica<\/a><\/strong>&nbsp;em Curitiba, durante um protesto.&nbsp;<br><\/p>\n","protected":false},"excerpt":{"rendered":"<p>Nesta quarta-feira (23), uma igreja evang\u00e9lica foi&nbsp;vandalizada&nbsp;por um militante do PT, em Tau\u00e1, no interior do Cear\u00e1. A den\u00fancia do ataque foi feita pelo deputado estadual Andr\u00e9 Fernandes (PL) em v\u00eddeo publicado em sua conta no Instagram. De acordo com relatos de membros, o homem invadiu o pr\u00e9dio da Assembleia de Deus Templo Central e [&hellip;]<\/p>\n","protected":false},"author":2,"featured_media":10633,"comment_status":"open","ping_status":"open","sticky":false,"template":"","format":"standard","meta":[],"categories":[5],"tags":[],"_links":{"self":[{"href":"https:\/\/dgospel.com.br\/portal\/index.php\/wp-json\/wp\/v2\/posts\/10632"}],"collection":[{"href":"https:\/\/dgospel.com.br\/portal\/index.php\/wp-json\/wp\/v2\/posts"}],"about":[{"href":"https:\/\/dgospel.com.br\/portal\/index.php\/wp-json\/wp\/v2\/types\/post"}],"author":[{"embeddable":true,"href":"https:\/\/dgospel.com.br\/portal\/index.php\/wp-json\/wp\/v2\/users\/2"}],"replies":[{"embeddable":true,"href":"https:\/\/dgospel.com.br\/portal\/index.php\/wp-json\/wp\/v2\/comments?post=10632"}],"version-history":[{"count":1,"href":"https:\/\/dgospel.com.br\/portal\/index.php\/wp-json\/wp\/v2\/posts\/10632\/revisions"}],"predecessor-version":[{"id":10634,"href":"https:\/\/dgospel.com.br\/portal\/index.php\/wp-json\/wp\/v2\/posts\/10632\/revisions\/10634"}],"wp:featuredmedia":[{"embeddable":true,"href":"https:\/\/dgospel.com.br\/portal\/index.php\/wp-json\/wp\/v2\/media\/10633"}],"wp:attachment":[{"href":"https:\/\/dgospel.com.br\/portal\/index.php\/wp-json\/wp\/v2\/media?parent=10632"}],"wp:term":[{"taxonomy":"category","embeddable":true,"href":"https:\/\/dgospel.com.br\/portal\/index.php\/wp-json\/wp\/v2\/categories?post=10632"},{"taxonomy":"post_tag","embeddable":true,"href":"https:\/\/dgospel.com.br\/portal\/index.php\/wp-json\/wp\/v2\/tags?post=10632"}],"curies":[{"name":"wp","href":"https:\/\/api.w.org\/{rel}","templated":true}]}}