{"id":10635,"date":"2022-02-24T23:08:49","date_gmt":"2022-02-25T02:08:49","guid":{"rendered":"http:\/\/dgospel.com.br\/portal\/?p=10635"},"modified":"2022-02-24T23:08:51","modified_gmt":"2022-02-25T02:08:51","slug":"novo-ep-de-davi-sacer-tem-musicas-com-simone-simaria","status":"publish","type":"post","link":"https:\/\/dgospel.com.br\/portal\/index.php\/2022\/02\/24\/novo-ep-de-davi-sacer-tem-musicas-com-simone-simaria\/","title":{"rendered":"Novo EP de Davi Sacer tem m\u00fasicas com Simone &#038; Simaria"},"content":{"rendered":"\n<p>O EP \u201c<em>Davi Sacer e Amigos<\/em>\u201d, pela Som Livre, conta com tr\u00eas faixas j\u00e1 dispon\u00edveis em todas as plataformas digitais. Os videoclipes est\u00e3o sendo publicados esta semana no canal do cantor no YouTube.<\/p>\n\n\n\n<p>O clipe \u201cTua gra\u00e7a me basta\u201d feat. Simaria foi publicado no dia 22\/2 \u00e0s 11h; \u201cDeus \u00e9 Conosco\u201d feat. Veronica Sacer ser\u00e1 lan\u00e7ado dia 24\/2 \u00e0s 11h, e \u201cSobre as \u00e1guas\u201d feat. Simone no dia 25\/2 \u00e0s 11h.<\/p>\n\n\n\n<p>Com Simone e tamb\u00e9m pela Som Livre, Davi j\u00e1 havia lan\u00e7ado, em 30 de julho de 2019, uma parceria na can\u00e7\u00e3o \u201cDeus de Promessas\u201d, que rendeu milh\u00f5es de visualiza\u00e7\u00f5es no YouTube.<\/p>\n\n\n\n<p>Davi conta que o nome do projeto \u201cDavi Sacer e Amigos\u201d surgiu do fato de ele, a esposa, Ver\u00f4nica Sacer, Simone e Simaria serem amigos de verdade. Veronica canta com Davi \u201ch\u00e1 pelo menos 25 anos\u201d, em igrejas e nos grupos dos quais participavam. Ele diz que isso faz tudo fluir naturalmente.&nbsp;<\/p>\n\n\n\n<p>O convite para a participa\u00e7\u00e3o da dupla Simone &amp; Simaria foi bem simples e natural. Davi conta que conversou com as cantoras sobre esses feats. e elas aceitaram na hora. \u201cQuando gravei com a Simone, pela primeira vez, a Simaria estava no processo de recupera\u00e7\u00e3o da sua sa\u00fade, mas eu j\u00e1 tinha a vontade de gravar com ela tamb\u00e9m. Simaria escolheu a m\u00fasica \u2018Tua gra\u00e7a me basta\u2019, por gostar muito dela. Simone j\u00e1 conhecia a can\u00e7\u00e3o \u2018Sobre as \u00e1guas\u2019, que \u00e9 uma m\u00fasica que ela tamb\u00e9m gosta demais. Assim, do convite \u00e0 grava\u00e7\u00e3o, tudo foi bem r\u00e1pido e simples.\u201d<\/p>\n\n\n\n<p>Simone fala da sua felicidade ao participar em mais um projeto com Davi Sacer: \u201c\u00c9 uma alegria sem tamanho, pois sempre quis fazer algo voltado ao Reino de Deus, para alcan\u00e7ar principalmente as pessoas no meio secular, o p\u00fablico que acompanha meu trabalho.\u201d&nbsp;<\/p>\n\n\n\n<p>Ela acrescenta dizendo que \u201ca participa\u00e7\u00e3o em projetos gospel tem sido extremamente positiva. O primeiro trabalho com o Davi foi muito importante, pois alcan\u00e7ou muitas vidas. Recebo muitos testemunhos de pessoas que me encontram ou escrevem testemunhando o que Deus fez em sua vida por meio da can\u00e7\u00e3o \u2018Deus de Promessas\u2019. Esta parceria de trabalho acontece pela segunda vez e eu espero muito que as pessoas sejam alcan\u00e7adas, assim como aconteceu no primeiro.\u201d<\/p>\n\n\n\n<p>A cantora Simaria diz que foi muito especial para ela participar dessa m\u00fasica com Davi Sacer, porque a can\u00e7\u00e3o faz parte da sua hist\u00f3ria: \u201cEssa can\u00e7\u00e3o sempre fortaleceu a minha f\u00e9 em momentos dif\u00edceis da minha vida. Ent\u00e3o, eu escutava a m\u00fasica \u2018Tua gra\u00e7a me basta\u2019 e me sentia protegida por Deus, guiada por Ele. Essa participa\u00e7\u00e3o foi muito especial para mim. Fiquei muito feliz e espero alcan\u00e7ar todas as pessoas do Brasil e do mundo, assim como eu fui alcan\u00e7ado por interm\u00e9dio do Davi nessa m\u00fasica.\u201d<\/p>\n\n\n\n<figure class=\"wp-block-embed-youtube wp-block-embed is-type-video is-provider-youtube wp-embed-aspect-16-9 wp-has-aspect-ratio\"><div class=\"wp-block-embed__wrapper\">\n<iframe loading=\"lazy\" title=\"Davi Sacer, Simaria - Tua Grac\u0327a Me Basta (Clipe Oficial)\" width=\"630\" height=\"354\" src=\"https:\/\/www.youtube.com\/embed\/9TlqKL92oU4?start=3&#038;feature=oembed\" frameborder=\"0\" allow=\"accelerometer; autoplay; clipboard-write; encrypted-media; gyroscope; picture-in-picture\" allowfullscreen><\/iframe>\n<\/div><\/figure>\n","protected":false},"excerpt":{"rendered":"<p>O EP \u201cDavi Sacer e Amigos\u201d, pela Som Livre, conta com tr\u00eas faixas j\u00e1 dispon\u00edveis em todas as plataformas digitais. Os videoclipes est\u00e3o sendo publicados esta semana no canal do cantor no YouTube. O clipe \u201cTua gra\u00e7a me basta\u201d feat. Simaria foi publicado no dia 22\/2 \u00e0s 11h; \u201cDeus \u00e9 Conosco\u201d feat. Veronica Sacer ser\u00e1 [&hellip;]<\/p>\n","protected":false},"author":2,"featured_media":10636,"comment_status":"open","ping_status":"open","sticky":false,"template":"","format":"standard","meta":[],"categories":[17],"tags":[],"_links":{"self":[{"href":"https:\/\/dgospel.com.br\/portal\/index.php\/wp-json\/wp\/v2\/posts\/10635"}],"collection":[{"href":"https:\/\/dgospel.com.br\/portal\/index.php\/wp-json\/wp\/v2\/posts"}],"about":[{"href":"https:\/\/dgospel.com.br\/portal\/index.php\/wp-json\/wp\/v2\/types\/post"}],"author":[{"embeddable":true,"href":"https:\/\/dgospel.com.br\/portal\/index.php\/wp-json\/wp\/v2\/users\/2"}],"replies":[{"embeddable":true,"href":"https:\/\/dgospel.com.br\/portal\/index.php\/wp-json\/wp\/v2\/comments?post=10635"}],"version-history":[{"count":1,"href":"https:\/\/dgospel.com.br\/portal\/index.php\/wp-json\/wp\/v2\/posts\/10635\/revisions"}],"predecessor-version":[{"id":10637,"href":"https:\/\/dgospel.com.br\/portal\/index.php\/wp-json\/wp\/v2\/posts\/10635\/revisions\/10637"}],"wp:featuredmedia":[{"embeddable":true,"href":"https:\/\/dgospel.com.br\/portal\/index.php\/wp-json\/wp\/v2\/media\/10636"}],"wp:attachment":[{"href":"https:\/\/dgospel.com.br\/portal\/index.php\/wp-json\/wp\/v2\/media?parent=10635"}],"wp:term":[{"taxonomy":"category","embeddable":true,"href":"https:\/\/dgospel.com.br\/portal\/index.php\/wp-json\/wp\/v2\/categories?post=10635"},{"taxonomy":"post_tag","embeddable":true,"href":"https:\/\/dgospel.com.br\/portal\/index.php\/wp-json\/wp\/v2\/tags?post=10635"}],"curies":[{"name":"wp","href":"https:\/\/api.w.org\/{rel}","templated":true}]}}