{"id":1065,"date":"2018-08-21T16:47:07","date_gmt":"2018-08-21T19:47:07","guid":{"rendered":"http:\/\/dgospel.com.br\/portal\/?p=1065"},"modified":"2018-08-21T16:55:54","modified_gmt":"2018-08-21T19:55:54","slug":"estao-abertas-as-inscricoes-para-o-5o-encontro-nacional-de-juristas-evangelicos","status":"publish","type":"post","link":"https:\/\/dgospel.com.br\/portal\/index.php\/2018\/08\/21\/estao-abertas-as-inscricoes-para-o-5o-encontro-nacional-de-juristas-evangelicos\/","title":{"rendered":"Est\u00e3o abertas as inscri\u00e7\u00f5es para o 5\u00ba Encontro Nacional de Juristas Evang\u00e9licos"},"content":{"rendered":"<p>Est\u00e3o abertas as inscri\u00e7\u00f5es para o\u00a0<a href=\"http:\/\/www.anajure.org.br\/5enajure\/\">5\u00ba Encontro Nacional de Juristas Evang\u00e9licos (ENAJURE)<\/a>, que ocorrer\u00e1 nos dias 15 e 16 de novembro na cidade de Porto Alegre, no Rio Grande do Sul. O evento, que est\u00e1 em sua 5\u00ba edi\u00e7\u00e3o, \u00e9 realizado anualmente pela Associa\u00e7\u00e3o Nacional de Juristas Evang\u00e9licos (ANAJURE) e re\u00fane juristas de todo o Brasil, especialmente, seus associados (integrantes do Poder Judici\u00e1rio, do Minist\u00e9rio P\u00fablico, da Defensoria P\u00fablica, da OAB, das Procuradorias Federais e Estaduais, assim como Professores e estudantes de direito) dispersos em todos os estados brasileiros, para debater temas atuais sobre a defesa das \u201cLiberdades Civis Fundamentais\u201d e, particularmente, a Liberdade Religiosa, de Express\u00e3o e a Dignidade da Pessoa Humana, que s\u00e3o as \u00e1reas de trabalho da organiza\u00e7\u00e3o.<\/p>\n<p>O primeiro ENAJURE ocorreu na Para\u00edba (2013), o segundo no Mato Grosso (2014), o terceiro em Goi\u00e1s (2016) e o quarto no Rio de Janeiro (2017). Esta quinta edi\u00e7\u00e3o ser\u00e1 a primeira na regi\u00e3o Sul do Brasil. A cidade de Porto Alegre (RS) ter\u00e1 o privil\u00e9gio de sediar com v\u00e1rias participa\u00e7\u00f5es importantes e uma programa\u00e7\u00e3o especialmente preparada, aberto \u00e0 comunidade interessada mediante inscri\u00e7\u00e3o e com vagas limitadas.<\/p>\n<p>Dentre os palestrantes deste ano, est\u00e3o Dr. Uziel Santana, Dr. Jonas Moreno, Dr. Roberto Tambelini, Dr. \u00canio Ara\u00fajo, Dr. Augusto Ventura, Dr. Jean Regina, Dr. Valmir Nascimento, Dr. Thiago Vieira, Dra. Edna Zilli e outros. Para mais informa\u00e7\u00f5es e inscri\u00e7\u00f5es, acesse este\u00a0<a href=\"http:\/\/www.anajure.org.br\/5enajure\/\">link<\/a><\/p>\n<p><strong>Fonte: Anajure<\/strong><\/p>\n","protected":false},"excerpt":{"rendered":"<p>Est\u00e3o abertas as inscri\u00e7\u00f5es para o\u00a05\u00ba Encontro Nacional de Juristas Evang\u00e9licos (ENAJURE), que ocorrer\u00e1 nos dias 15 e 16 de novembro na cidade de Porto Alegre, no Rio Grande do Sul. O evento, que est\u00e1 em sua 5\u00ba edi\u00e7\u00e3o, \u00e9 realizado anualmente pela Associa\u00e7\u00e3o Nacional de Juristas Evang\u00e9licos (ANAJURE) e re\u00fane juristas de todo o [&hellip;]<\/p>\n","protected":false},"author":2,"featured_media":1066,"comment_status":"open","ping_status":"open","sticky":false,"template":"","format":"standard","meta":[],"categories":[2,5,6],"tags":[],"_links":{"self":[{"href":"https:\/\/dgospel.com.br\/portal\/index.php\/wp-json\/wp\/v2\/posts\/1065"}],"collection":[{"href":"https:\/\/dgospel.com.br\/portal\/index.php\/wp-json\/wp\/v2\/posts"}],"about":[{"href":"https:\/\/dgospel.com.br\/portal\/index.php\/wp-json\/wp\/v2\/types\/post"}],"author":[{"embeddable":true,"href":"https:\/\/dgospel.com.br\/portal\/index.php\/wp-json\/wp\/v2\/users\/2"}],"replies":[{"embeddable":true,"href":"https:\/\/dgospel.com.br\/portal\/index.php\/wp-json\/wp\/v2\/comments?post=1065"}],"version-history":[{"count":1,"href":"https:\/\/dgospel.com.br\/portal\/index.php\/wp-json\/wp\/v2\/posts\/1065\/revisions"}],"predecessor-version":[{"id":1067,"href":"https:\/\/dgospel.com.br\/portal\/index.php\/wp-json\/wp\/v2\/posts\/1065\/revisions\/1067"}],"wp:featuredmedia":[{"embeddable":true,"href":"https:\/\/dgospel.com.br\/portal\/index.php\/wp-json\/wp\/v2\/media\/1066"}],"wp:attachment":[{"href":"https:\/\/dgospel.com.br\/portal\/index.php\/wp-json\/wp\/v2\/media?parent=1065"}],"wp:term":[{"taxonomy":"category","embeddable":true,"href":"https:\/\/dgospel.com.br\/portal\/index.php\/wp-json\/wp\/v2\/categories?post=1065"},{"taxonomy":"post_tag","embeddable":true,"href":"https:\/\/dgospel.com.br\/portal\/index.php\/wp-json\/wp\/v2\/tags?post=1065"}],"curies":[{"name":"wp","href":"https:\/\/api.w.org\/{rel}","templated":true}]}}