{"id":10650,"date":"2022-02-24T23:21:09","date_gmt":"2022-02-25T02:21:09","guid":{"rendered":"http:\/\/dgospel.com.br\/portal\/?p=10650"},"modified":"2022-02-24T23:21:11","modified_gmt":"2022-02-25T02:21:11","slug":"governador-wanderlei-barbosa-participa-do-lancamento-do-programa-nacional-servico-civil-voluntario","status":"publish","type":"post","link":"https:\/\/dgospel.com.br\/portal\/index.php\/2022\/02\/24\/governador-wanderlei-barbosa-participa-do-lancamento-do-programa-nacional-servico-civil-voluntario\/","title":{"rendered":"Governador Wanderlei Barbosa participa do lan\u00e7amento do programa nacional Servi\u00e7o Civil Volunt\u00e1rio"},"content":{"rendered":"\n<p>O governador em exerc\u00edcio do Estado do Tocantins, Wanderlei Barbosa, participou do lan\u00e7amento do programa nacional&nbsp;<em>Servi\u00e7o Civil Volunt\u00e1rio<\/em>. O programa foi apresentado pelo ministro do Trabalho e Previd\u00eancia, Onyx Lorenzoni, nesta quinta-feira, 24, no audit\u00f3rio da Associa\u00e7\u00e3o Tocantinense de Munic\u00edpios (ATM), e prestigiado por deputados federais e estaduais, mais de 90 prefeitos e demais autoridades.<\/p>\n\n\n\n<p>O programa \u00e9 uma iniciativa firmada entre o Minist\u00e9rio do Trabalho e Previd\u00eancia e o Sistema S, que oferecer\u00e1 bolsa de meio sal\u00e1rio-m\u00ednimo e aux\u00edlio-transporte aos participantes, al\u00e9m de ofertar mais de 200 cursos de qualifica\u00e7\u00e3o. A a\u00e7\u00e3o ter\u00e1 dura\u00e7\u00e3o at\u00e9 31 de dezembro de 2022 e priorizar\u00e1 o p\u00fablico jovem, entre 18 e 29 anos, bem como os trabalhadores com idade acima de 50 anos e que estejam fora do mercado h\u00e1 mais de dois anos.<\/p>\n\n\n\n<p>O governador Wanderlei Barbosa parabenizou o Governo Federal por desenvolver um programa que promove a qualifica\u00e7\u00e3o. \u201cO projeto que o senhor ministro Onyx Lorenzoni traz gera esperan\u00e7a para tanta gente. N\u00f3s temos uma popula\u00e7\u00e3o com um pouco mais de 1,6 milh\u00e3o de habitantes e muitas pessoas em vulnerabilidade social, e precisamos que um projeto como esse, de grande alcance social, chegue a n\u00f3s. Parabenizo mais uma vez o Governo Federal por trazer um projeto desse porte para a nossa popula\u00e7\u00e3o que tanto precisa de qualifica\u00e7\u00e3o e trabalho\u201d, destacou.&nbsp;<\/p>\n\n\n\n<p>O ministro do Trabalho e Previd\u00eancia, Onyx Lorenzoni, fez a apresenta\u00e7\u00e3o do Programa e destacou que a parceria direta com o munic\u00edpio se deve ao fato de que os gestores conhecem a alma do munic\u00edpio. \u201c\u00c9 no munic\u00edpio que a gente vive. Quando n\u00f3s fizemos o projeto de governo, tivemos a clareza de que tinha que ser muito mais Brasil e menos Bras\u00edlia. A alian\u00e7a do Governo Federal diretamente com o munic\u00edpio \u00e9 porque os senhores conhecem a alma do munic\u00edpio\u201d, destacou o ministro.<\/p>\n\n\n\n<p>Durante a explana\u00e7\u00e3o do Programa, o ministro ressaltou as principais dificuldades. \u201cAs maiores dificuldades s\u00e3o a falta de experi\u00eancia, a baixa qualifica\u00e7\u00e3o e a burocracia e, por isso, estamos falando de abrir portas de oportunidades. Com o programa, as atividades ser\u00e3o em meio turno, com pagamento de bolsa de meio sal\u00e1rio-m\u00ednimo, transporte e seguro de acidentes pessoais. A inten\u00e7\u00e3o \u00e9 que o participante tenha, durante o programa, um ano de experi\u00eancia e dois cursos de qualifica\u00e7\u00e3o\u201d, explicou Onyx Lorenzoni.<\/p>\n\n\n\n<p><strong>O programa<\/strong><\/p>\n\n\n\n<p>A a\u00e7\u00e3o ser\u00e1 executada pelos munic\u00edpios. As prefeituras que desejarem aderir ao programa devem comprovar a sua capacidade de execu\u00e7\u00e3o. Caber\u00e1 ao ente municipal, organizar atividades de interesse p\u00fablico e o pagamento da bolsa qualifica\u00e7\u00e3o, devendo observar a regulamenta\u00e7\u00e3o da Medida Provis\u00f3ria n\u00ba 1.099\/2022. A ades\u00e3o do munic\u00edpio \u00e9 volunt\u00e1ria.<\/p>\n\n\n\n<p>J\u00e1 os cursos ficar\u00e3o a cargo do Sistema S e ser\u00e3o ofertados pelos servi\u00e7os nacionais de aprendizagem e pelo Servi\u00e7o de Apoio \u00e0s Micro e Pequenas Empresas (Sebrae), priorizando a qualifica\u00e7\u00e3o nas atividades econ\u00f4micas mais importantes no munic\u00edpio e em sua regi\u00e3o.<\/p>\n\n\n\n<p><strong>Apoio p\u00f3s-chuvas<\/strong><\/p>\n\n\n\n<p>O governador Wanderlei Barbosa solicitou ainda apoio ao Governo Federal para a recupera\u00e7\u00e3o das cidades que sofreram danos com as chuvas. \u201cN\u00f3s precisamos desse amparo, desse apoio do Governo Federal para que a gente possa fazer al\u00e9m do que j\u00e1 temos feito, no atendimento \u00e0 popula\u00e7\u00e3o com distribui\u00e7\u00e3o de cestas b\u00e1sicas, medicamentos, colch\u00f5es, cobertores e demais a\u00e7\u00f5es. Tenho certeza de que esse apoio vir\u00e1 da nossa bancada federal l\u00e1 em Bras\u00edlia, n\u00f3s estamos levantando todas essas situa\u00e7\u00f5es de dificuldades. Ap\u00f3s o per\u00edodo de chuvas, teremos uma heran\u00e7a muito dif\u00edcil, pessoas que perderam suas casas e pertences, as rodovias danificadas, buracos de norte a sul e eu tenho muita preocupa\u00e7\u00e3o com isso, me preocupa muito saber que as rodovias do nosso Estado est\u00e3o nessa situa\u00e7\u00e3o. Todo o apoio que chegar a n\u00f3s, faremos uma for\u00e7a-tarefa t\u00e3o logo cesse o per\u00edodo de chuva, mas n\u00f3s sabemos que precisamos deste apoio, de sintonia. N\u00f3s precisamos que todos se juntem, prefeitos e governos, para que a gente possa fazer essa repara\u00e7\u00e3o em estradas e pontes por todo o Estado do Tocantins\u201d, finalizou o governador.<\/p>\n\n\n\n<figure class=\"wp-block-image\"><img src=\"https:\/\/central.to.gov.br\/image\/281192?w=670&amp;h=383\" alt=\"\"\/><\/figure>\n\n\n\n<p>O governador Wanderlei Barbosa solicitou ainda apoio ao Governo Federal para a recupera\u00e7\u00e3o das cidades que sofreram danos com as chuvas &#8211; Antonio Gon\u00e7alves\/Governo do Tocantins\u00a0<\/p>\n\n\n\n<figure class=\"wp-block-image\"><img src=\"https:\/\/central.to.gov.br\/image\/281191?w=670&amp;h=383\" alt=\"\"\/><\/figure>\n\n\n\n<p>O governador Wanderlei Barbosa parabenizou o Governo Federal por desenvolver um programa que promove a qualifica\u00e7\u00e3o &#8211; Antonio Gon\u00e7alves\/Governo do Tocantins\u00a0<\/p>\n\n\n\n<figure class=\"wp-block-image\"><img src=\"https:\/\/central.to.gov.br\/image\/281190?w=670&amp;h=383\" alt=\"\"\/><\/figure>\n\n\n\n<p>O programa priorizar\u00e1 o p\u00fablico jovem entre 18 e 29 anos e trabalhadores com idade acima de 50 anos fora do mercado de trabalho &#8211; Antonio Gon\u00e7alves\/Governo do Tocantins\n\n<\/p>\n","protected":false},"excerpt":{"rendered":"<p>O governador em exerc\u00edcio do Estado do Tocantins, Wanderlei Barbosa, participou do lan\u00e7amento do programa nacional&nbsp;Servi\u00e7o Civil Volunt\u00e1rio. O programa foi apresentado pelo ministro do Trabalho e Previd\u00eancia, Onyx Lorenzoni, nesta quinta-feira, 24, no audit\u00f3rio da Associa\u00e7\u00e3o Tocantinense de Munic\u00edpios (ATM), e prestigiado por deputados federais e estaduais, mais de 90 prefeitos e demais autoridades. [&hellip;]<\/p>\n","protected":false},"author":2,"featured_media":10651,"comment_status":"open","ping_status":"open","sticky":false,"template":"","format":"standard","meta":[],"categories":[3],"tags":[13],"_links":{"self":[{"href":"https:\/\/dgospel.com.br\/portal\/index.php\/wp-json\/wp\/v2\/posts\/10650"}],"collection":[{"href":"https:\/\/dgospel.com.br\/portal\/index.php\/wp-json\/wp\/v2\/posts"}],"about":[{"href":"https:\/\/dgospel.com.br\/portal\/index.php\/wp-json\/wp\/v2\/types\/post"}],"author":[{"embeddable":true,"href":"https:\/\/dgospel.com.br\/portal\/index.php\/wp-json\/wp\/v2\/users\/2"}],"replies":[{"embeddable":true,"href":"https:\/\/dgospel.com.br\/portal\/index.php\/wp-json\/wp\/v2\/comments?post=10650"}],"version-history":[{"count":1,"href":"https:\/\/dgospel.com.br\/portal\/index.php\/wp-json\/wp\/v2\/posts\/10650\/revisions"}],"predecessor-version":[{"id":10652,"href":"https:\/\/dgospel.com.br\/portal\/index.php\/wp-json\/wp\/v2\/posts\/10650\/revisions\/10652"}],"wp:featuredmedia":[{"embeddable":true,"href":"https:\/\/dgospel.com.br\/portal\/index.php\/wp-json\/wp\/v2\/media\/10651"}],"wp:attachment":[{"href":"https:\/\/dgospel.com.br\/portal\/index.php\/wp-json\/wp\/v2\/media?parent=10650"}],"wp:term":[{"taxonomy":"category","embeddable":true,"href":"https:\/\/dgospel.com.br\/portal\/index.php\/wp-json\/wp\/v2\/categories?post=10650"},{"taxonomy":"post_tag","embeddable":true,"href":"https:\/\/dgospel.com.br\/portal\/index.php\/wp-json\/wp\/v2\/tags?post=10650"}],"curies":[{"name":"wp","href":"https:\/\/api.w.org\/{rel}","templated":true}]}}