{"id":10653,"date":"2022-02-24T23:25:33","date_gmt":"2022-02-25T02:25:33","guid":{"rendered":"http:\/\/dgospel.com.br\/portal\/?p=10653"},"modified":"2022-02-24T23:25:34","modified_gmt":"2022-02-25T02:25:34","slug":"pastor-andre-mendonca-vota-no-stf-pela-derrubada-do-fundao-eleitoral-de-49-bilhoes","status":"publish","type":"post","link":"https:\/\/dgospel.com.br\/portal\/index.php\/2022\/02\/24\/pastor-andre-mendonca-vota-no-stf-pela-derrubada-do-fundao-eleitoral-de-49-bilhoes\/","title":{"rendered":"Pastor Andr\u00e9 Mendon\u00e7a vota no STF pela derrubada do fund\u00e3o eleitoral de 4,9 bilh\u00f5es"},"content":{"rendered":"\n<p> Indicado pelo presidente da Republica para uma vaga no Supremo Tribunal Federal (STF) em agosto do ano passado, o novo\u00a0<a href=\"https:\/\/noticias.gospelmais.com.br\/reeleicao-alcolumbre-evangelicos-articulam-impedir-151558.html\">ministro Andr\u00e9 Mendon\u00e7a<\/a>\u00a0estreou como relator em seu primeiro processo na mais alta Corte do pa\u00eds, julgando a manuten\u00e7\u00e3o ou n\u00e3o do chamado \u201cfund\u00e3o eleitoral\u201d. <\/p>\n\n\n\n<p>O fundo eleitoral se trata do repasse de verbas p\u00fablicas para a campanha eleitoral dos partidos pol\u00edticos, proporcional a cada legenda. O valor atual que foi aprovado pelo Congresso Nacional \u00e9 de nada menos que R$ 4,9 bilh\u00f5es.<\/p>\n\n\n\n<p>Mendon\u00e7a, que tamb\u00e9m \u00e9 pastor evang\u00e9lico da Igreja Presbiteriana, votou contra a manuten\u00e7\u00e3o do fund\u00e3o, apontando uma discrep\u00e2ncia inflacion\u00e1ria no crit\u00e9rio utilizado para estipular o valor do repasse.<\/p>\n\n\n\n<p>\u201cEm minha compreens\u00e3o, a interpreta\u00e7\u00e3o constitucionalmente adequada refere-se \u00e0 ultratividade do volume de recursos p\u00fablicos utilizados nas elei\u00e7\u00f5es municipais de 2020, atualizado pelo IPCA-E, que ser\u00e1 devidamente calculado pelo Tesouro Nacional e pelo TSE\u201d, argumentou o ministro.<\/p>\n\n\n\n<p>Com o voto de Mendon\u00e7a, o julgamento foi suspenso e dever\u00e1 retornar na quinta-feira (24). Ainda faltam os votos dos outros dez ministros do STF. Se eles seguirem o entendimento do pastor, o valor do fund\u00e3o dever\u00e1 ser reduzido para R$ 2,3 bilh\u00f5es.<\/p>\n\n\n\n<h2>Tr\u00e2mite inicial do fund\u00e3o<\/h2>\n\n\n\n<p>O valor do fund\u00e3o eleitoral estipulado inicialmente pelo Congresso Nacional, foi de R$ 5,2 bilh\u00f5es. No entanto, o presidente Jair Bolsonaro vetou a medida. De volta ao Parlamento, o montante terminou sendo fixado posteriormente, na vota\u00e7\u00e3o da Lei Or\u00e7ament\u00e1ria Anual (LOA), em R$ 4,9 bilh\u00f5es.<\/p>\n\n\n\n<p>Diante disso, o partido Novo ingressou com uma a\u00e7\u00e3o no Supremo pedindo a an\u00e1lise da mat\u00e9ria. Assim, o STF poder\u00e1 derrubar ou manter o fund\u00e3o por maioria dos votos. Em seu voto, Mendon\u00e7a tamb\u00e9m apontou exagero na estipula\u00e7\u00e3o do valo atual, se comparado ao ano de 2018.<\/p>\n\n\n\n<p>\u201cEntre os dois ciclos [eleitorais] h\u00e1 um diferencial com magnitude financeira pr\u00f3ximo a 4 bilh\u00f5es [de reais], em valores nominais. Isto \u00e9, desconsiderada a infla\u00e7\u00e3o. Dito de outra forma, ocorreu um aumento de 18 a 22 que pode chegar a at\u00e9 235%\u201d, disse o ministro.<\/p>\n\n\n\n<p>\n\n\u201cO relator da a\u00e7\u00e3o do Novo tamb\u00e9m afirmou que \u2018as autoridades n\u00e3o aportaram raz\u00f5es m\u00ednimas a justificar a significativa mudan\u00e7a no volume de recursos\u201d, concluiu o pastor.\n\n<\/p>\n\n\n\n<p><br><br><\/p>\n","protected":false},"excerpt":{"rendered":"<p>Indicado pelo presidente da Republica para uma vaga no Supremo Tribunal Federal (STF) em agosto do ano passado, o novo\u00a0ministro Andr\u00e9 Mendon\u00e7a\u00a0estreou como relator em seu primeiro processo na mais alta Corte do pa\u00eds, julgando a manuten\u00e7\u00e3o ou n\u00e3o do chamado \u201cfund\u00e3o eleitoral\u201d. O fundo eleitoral se trata do repasse de verbas p\u00fablicas para a [&hellip;]<\/p>\n","protected":false},"author":2,"featured_media":10654,"comment_status":"open","ping_status":"open","sticky":false,"template":"","format":"standard","meta":[],"categories":[5],"tags":[13],"_links":{"self":[{"href":"https:\/\/dgospel.com.br\/portal\/index.php\/wp-json\/wp\/v2\/posts\/10653"}],"collection":[{"href":"https:\/\/dgospel.com.br\/portal\/index.php\/wp-json\/wp\/v2\/posts"}],"about":[{"href":"https:\/\/dgospel.com.br\/portal\/index.php\/wp-json\/wp\/v2\/types\/post"}],"author":[{"embeddable":true,"href":"https:\/\/dgospel.com.br\/portal\/index.php\/wp-json\/wp\/v2\/users\/2"}],"replies":[{"embeddable":true,"href":"https:\/\/dgospel.com.br\/portal\/index.php\/wp-json\/wp\/v2\/comments?post=10653"}],"version-history":[{"count":1,"href":"https:\/\/dgospel.com.br\/portal\/index.php\/wp-json\/wp\/v2\/posts\/10653\/revisions"}],"predecessor-version":[{"id":10655,"href":"https:\/\/dgospel.com.br\/portal\/index.php\/wp-json\/wp\/v2\/posts\/10653\/revisions\/10655"}],"wp:featuredmedia":[{"embeddable":true,"href":"https:\/\/dgospel.com.br\/portal\/index.php\/wp-json\/wp\/v2\/media\/10654"}],"wp:attachment":[{"href":"https:\/\/dgospel.com.br\/portal\/index.php\/wp-json\/wp\/v2\/media?parent=10653"}],"wp:term":[{"taxonomy":"category","embeddable":true,"href":"https:\/\/dgospel.com.br\/portal\/index.php\/wp-json\/wp\/v2\/categories?post=10653"},{"taxonomy":"post_tag","embeddable":true,"href":"https:\/\/dgospel.com.br\/portal\/index.php\/wp-json\/wp\/v2\/tags?post=10653"}],"curies":[{"name":"wp","href":"https:\/\/api.w.org\/{rel}","templated":true}]}}