{"id":10689,"date":"2022-03-04T00:02:08","date_gmt":"2022-03-04T03:02:08","guid":{"rendered":"http:\/\/dgospel.com.br\/portal\/?p=10689"},"modified":"2022-03-04T00:02:09","modified_gmt":"2022-03-04T03:02:09","slug":"ministro-nardes-declara-que-wanderlei-barbosa-esta-no-caminho-certo-ao-buscar-a-governanca-publica-em-todos-os-seus-atos","status":"publish","type":"post","link":"https:\/\/dgospel.com.br\/portal\/index.php\/2022\/03\/04\/ministro-nardes-declara-que-wanderlei-barbosa-esta-no-caminho-certo-ao-buscar-a-governanca-publica-em-todos-os-seus-atos\/","title":{"rendered":"Ministro Nardes declara que  Wanderlei Barbosa est\u00e1 no caminho certo ao buscar a governan\u00e7a p\u00fablica em todos os seus atos"},"content":{"rendered":"\n<p>\u201cQuando se estabelece uma pol\u00edtica de governan\u00e7a em todo o Estado assume-se um compromisso e passa a ser um modelo para ser seguido, para se transformar em um estado l\u00edder no Brasil. O Tocantins como um estado t\u00e3o jovem, t\u00e3o importante para a transforma\u00e7\u00e3o dessa regi\u00e3o, um polo de desenvolvimento, n\u00e3o pode fazer pol\u00edtica de forma improvisada, tem que planejar seu futuro. E a lideran\u00e7a do governador Wanderlei Barbosa \u00e9 que vai fazer a transforma\u00e7\u00e3o do Estado.\u201d Essas foram as primeiras considera\u00e7\u00f5es feitas pelo ministro do Tribunal de Contas da Uni\u00e3o (TCU), Augusto Nardes, na tarde desta quinta-feira, 3, no audit\u00f3rio do Pal\u00e1cio Araguaia, ao ministrar a palestra \u201cGovernan\u00e7a P\u00fablica: o Desafio do Brasil\u201d.<\/p>\n\n\n\n<p>Na ocasi\u00e3o, o governador em exerc\u00edcio do Estado do Tocantins, Wanderlei Barbosa, assinou juntamente com o presidente do Instituto Latino-Americano de Governan\u00e7a e Compliance P\u00fablico (IGCP), Ricardo Todeschini Z\u00edlio, um Protocolo de Inten\u00e7\u00f5es estabelecendo a coopera\u00e7\u00e3o m\u00fatua visando disseminar o Programa de Governan\u00e7a P\u00fablica do Estado do Tocantins. A a\u00e7\u00e3o conjunta tamb\u00e9m prev\u00ea a capacita\u00e7\u00e3o de agentes p\u00fablicos para compreens\u00e3o e aplica\u00e7\u00e3o efetiva dos princ\u00edpios e pol\u00edticas de governan\u00e7a e compliance.<\/p>\n\n\n\n<p>O ministro Augusto Nardes frisou que a governan\u00e7a p\u00fablica visa servir a sociedade, \u00e9 fundamental para evitar fraudes e desvios, e para contribuir com a seguran\u00e7a jur\u00eddica, trazendo como resultado a atra\u00e7\u00e3o de investimentos e a gera\u00e7\u00e3o de emprego e renda para a popula\u00e7\u00e3o. \u201cQuando se estabelece uma pol\u00edtica de governan\u00e7a come\u00e7a a se entender os conceitos de governan\u00e7a. Governan\u00e7a n\u00e3o \u00e9 gest\u00e3o, mas est\u00e1 correlacionada. Governan\u00e7a s\u00e3o tr\u00eas palavras chaves: direcionar, avaliar e monitorar. Quem direciona \u00e9 o l\u00edder, mas se n\u00e3o avaliar e monitorar corre o risco de cometer erros. Com a governan\u00e7a podemos aprimorar a entrega de resultados\u201d, ponderou.<\/p>\n\n\n\n<p><strong>Coer\u00eancia e Transpar\u00eancia<\/strong><\/p>\n\n\n\n<p>O governador em exerc\u00edcio do Tocantins, Wanderlei Barbosa, destacou a import\u00e2ncia de se fazer uma gest\u00e3o com coer\u00eancia e transpar\u00eancia. \u201cEu tenho responsabilidade enquanto gestor p\u00fablico. N\u00e3o faremos um bom governo se n\u00e3o tivermos coer\u00eancia e a capacidade de buscar a governan\u00e7a e transpar\u00eancia em todos os nossos atos. Por isso que eu procurei o TCU e o ministro Augusto Nardes que encabe\u00e7a um projeto importante para o Brasil\u201d, destacou.<\/p>\n\n\n\n<p>O Chefe do Executivo Estadual destacou ainda, que a vinda do ministro Augusto Nardes ao Estado \u00e9 um divisor de \u00e1guas na gest\u00e3o p\u00fablica do Tocantins. \u201cA partir dessa orienta\u00e7\u00e3o do ministro Augusto Nardes, n\u00f3s temos o compromisso e a responsabilidade para que a gente possa errar cada vez menos. Precisamos exercitar a coer\u00eancia, a boa governan\u00e7a, a disciplina p\u00fablica e cumprimento das legisla\u00e7\u00f5es. Vejo essa visita do ministro como um divisor de \u00e1guas para que possamos fazer gest\u00e3o observando os crit\u00e9rios de coer\u00eancia, transpar\u00eancia e responsabilidade. Isso serve para mim, para o meu secretariado e todos os gestores p\u00fablicos do Tocantins\u201d, frisou.<\/p>\n\n\n\n<p><strong>Decreto n\u00ba 6.395\/22<\/strong><\/p>\n\n\n\n<p>O secret\u00e1rio da Fazenda, J\u00falio Edstron, destacou o Decreto n\u00b0 6.395\/2022 editado pelo governador Wanderlei Barbosa, em conson\u00e2ncia com a legisla\u00e7\u00e3o federal e pr\u00e1ticas federais e a fiel execu\u00e7\u00e3o dos preceitos e diretrizes da governan\u00e7a p\u00fablica tocantinense.&nbsp;<\/p>\n\n\n\n<p>\u201cN\u00f3s n\u00e3o vamos aceitar que a administra\u00e7\u00e3o p\u00fablica fa\u00e7a menos do que a legisla\u00e7\u00e3o exige. Esse \u00e9 o caminho que o Estado assumiu ao instituir a governan\u00e7a p\u00fablica.&nbsp; Ao editar esse Decreto, o governador Wanderlei Barbosa criou condi\u00e7\u00f5es para que a gente entre num c\u00edrculo virtuoso, onde as coisas acontecem e v\u00e3o continuar a acontecer, promovendo um servi\u00e7o p\u00fablico de excel\u00eancia que leve a esperan\u00e7a e a coragem de fazer diferente e de mudar o futuro do nosso Estado\u201d, ressaltou o secret\u00e1rio.&nbsp;<\/p>\n\n\n\n<p>O Governo do Tocantins conta com o Conselho de Governan\u00e7a P\u00fablica (CGOV), composto pelo secret\u00e1rio-chefe da Casa Civil, na fun\u00e7\u00e3o de coordenador; secret\u00e1rio-chefe da Controladoria-Geral do Estado; procurador-geral do Estado; secret\u00e1rio de Estado da Fazenda; secret\u00e1rio de Estado do Planejamento e Or\u00e7amento; secret\u00e1rio de Estado da Administra\u00e7\u00e3o e reitor da Universidade Estadual do Tocantins (Unitins), todos membros titulares permanentes.<\/p>\n\n\n\n<p><strong>Parlamentares<\/strong><\/p>\n\n\n\n<p>Representando a Assembleia Legislativa, o deputado estadual Eduardo Siqueira Campos ressaltou que o Estado precisa de estabilidade para colocar pol\u00edticas p\u00fablicas importantes em pr\u00e1tica. \u201cDesde que o Governador foi ao seu encontro em Bras\u00edlia, ele voltou com os olhos brilhando um pouco mais. O senhor desperta no tocantinense, junto com o desejo da estabilidade, a confian\u00e7a de que n\u00f3s teremos a governan\u00e7a com transpar\u00eancia\u201d, afirmou.<\/p>\n\n\n\n<p>O deputado federal Vicentinho J\u00fanior complementou que o ministro tem feito uma peregrina\u00e7\u00e3o por todo o Brasil em busca da governan\u00e7a p\u00fablica em todas as esferas. \u201cExercer cargos p\u00fablicos tem como prim\u00f3rdio basilar disso tudo, o zelo com a coisa p\u00fablica. Ministro, o seu conhecimento, a sua sabedoria, adquirido ao longo dessa vasta caminhada \u00e0 frente do TCU, nos mostra que \u00e9 poss\u00edvel sim, governar em solidariedade, transpar\u00eancia e respeito \u00e0 coisa p\u00fablica\u201d, ponderou o parlamentar, franqueando apoio a Gest\u00e3o Estadual.&nbsp;<\/p>\n\n\n\n<p>Tamb\u00e9m participaram do evento, o presidente da Associa\u00e7\u00e3o Tocantinense de Munic\u00edpios (ATM) e prefeito de Talism\u00e3, Diogo Borges; o presidente da Uni\u00e3o dos Vereadores do Estado do Tocantins (UVET), Terciliano Gomes Ara\u00fajo; do presidente do Tribunal de Contas do Estado (TCE), Napole\u00e3o Sobrinho; do conselheiro do TCE, Severiano Costandrade; do procurador-geral de Justi\u00e7a do Minist\u00e9rio P\u00fablico do Estado (MPE), Luciano Casaroti; da defensora p\u00fablica geral, Estellamaris Postal; do juiz auxiliar do Tribunal de Justi\u00e7a, Manoel de Farias; do presidente do Ordem dos Advogados do Brasil, seccional do Tocantins (OAB-TO), Gedeon Pitaluga; al\u00e9m de secret\u00e1rios de Estado, deputados estaduais, prefeitos e vereadores, dentre outras autoridades.<\/p>\n\n\n\n<figure class=\"wp-block-image\"><img src=\"https:\/\/central.to.gov.br\/image\/281764?w=670&amp;h=383\" alt=\"\"\/><\/figure>\n\n\n\n<p>Governador Wanderlei Barbosa destacou a responsabilidade, coer\u00eancia e transpar\u00eancia que todo gestor p\u00fablico deve ter ao lidar com os recursos p\u00fablicos &#8211; Antonio Gon\u00e7alves\/Governo do Tocantins.<\/p>\n\n\n\n<figure class=\"wp-block-image\"><img src=\"https:\/\/central.to.gov.br\/image\/281765?w=670&amp;h=383\" alt=\"\"\/><\/figure>\n\n\n\n<p>Ministro Augusto Nardes ressaltou que a governan\u00e7a promove a entrega de melhores resultados \u00e0 popula\u00e7\u00e3o &#8211; Antonio Gon\u00e7alves\/Governo do Tocantins.<\/p>\n\n\n\n<figure class=\"wp-block-image\"><img src=\"https:\/\/central.to.gov.br\/image\/281766?w=670&amp;h=383\" alt=\"\"\/><\/figure>\n\n\n\n<p>O governador Wanderlei Barbosa assinou juntamente com o presidente do IGCP, Ricardo Todeschini Z\u00edlio, um Protocolo de Inten\u00e7\u00f5es estabelecendo a coopera\u00e7\u00e3o m\u00fatua &#8211; Antonio Gon\u00e7alves\/Governo do Tocantins\n\n<\/p>\n","protected":false},"excerpt":{"rendered":"<p>\u201cQuando se estabelece uma pol\u00edtica de governan\u00e7a em todo o Estado assume-se um compromisso e passa a ser um modelo para ser seguido, para se transformar em um estado l\u00edder no Brasil. O Tocantins como um estado t\u00e3o jovem, t\u00e3o importante para a transforma\u00e7\u00e3o dessa regi\u00e3o, um polo de desenvolvimento, n\u00e3o pode fazer pol\u00edtica de [&hellip;]<\/p>\n","protected":false},"author":2,"featured_media":10690,"comment_status":"open","ping_status":"open","sticky":false,"template":"","format":"standard","meta":[],"categories":[3],"tags":[13],"_links":{"self":[{"href":"https:\/\/dgospel.com.br\/portal\/index.php\/wp-json\/wp\/v2\/posts\/10689"}],"collection":[{"href":"https:\/\/dgospel.com.br\/portal\/index.php\/wp-json\/wp\/v2\/posts"}],"about":[{"href":"https:\/\/dgospel.com.br\/portal\/index.php\/wp-json\/wp\/v2\/types\/post"}],"author":[{"embeddable":true,"href":"https:\/\/dgospel.com.br\/portal\/index.php\/wp-json\/wp\/v2\/users\/2"}],"replies":[{"embeddable":true,"href":"https:\/\/dgospel.com.br\/portal\/index.php\/wp-json\/wp\/v2\/comments?post=10689"}],"version-history":[{"count":1,"href":"https:\/\/dgospel.com.br\/portal\/index.php\/wp-json\/wp\/v2\/posts\/10689\/revisions"}],"predecessor-version":[{"id":10691,"href":"https:\/\/dgospel.com.br\/portal\/index.php\/wp-json\/wp\/v2\/posts\/10689\/revisions\/10691"}],"wp:featuredmedia":[{"embeddable":true,"href":"https:\/\/dgospel.com.br\/portal\/index.php\/wp-json\/wp\/v2\/media\/10690"}],"wp:attachment":[{"href":"https:\/\/dgospel.com.br\/portal\/index.php\/wp-json\/wp\/v2\/media?parent=10689"}],"wp:term":[{"taxonomy":"category","embeddable":true,"href":"https:\/\/dgospel.com.br\/portal\/index.php\/wp-json\/wp\/v2\/categories?post=10689"},{"taxonomy":"post_tag","embeddable":true,"href":"https:\/\/dgospel.com.br\/portal\/index.php\/wp-json\/wp\/v2\/tags?post=10689"}],"curies":[{"name":"wp","href":"https:\/\/api.w.org\/{rel}","templated":true}]}}