{"id":10698,"date":"2022-03-07T11:43:16","date_gmt":"2022-03-07T14:43:16","guid":{"rendered":"http:\/\/dgospel.com.br\/portal\/?p=10698"},"modified":"2022-03-07T11:43:18","modified_gmt":"2022-03-07T14:43:18","slug":"pt-cria-nucleos-evangelicos-em-21-estados-para-atrair-eleitores","status":"publish","type":"post","link":"https:\/\/dgospel.com.br\/portal\/index.php\/2022\/03\/07\/pt-cria-nucleos-evangelicos-em-21-estados-para-atrair-eleitores\/","title":{"rendered":"PT cria \u201cn\u00facleos evang\u00e9licos\u201d em 21 estados para atrair eleitores"},"content":{"rendered":"\n<p>O&nbsp;<a href=\"https:\/\/pleno.news\/tag\/pt\" target=\"_blank\" rel=\"noreferrer noopener\">PT<\/a>&nbsp;criou n\u00facleos de evang\u00e9licos em 21 estados para tentar recuperar, nas elei\u00e7\u00f5es de 2022, os votos que perdeu entre as classes sociais D e E, em 2016 e 2018. O pr\u00f3ximo passo \u00e9 a cria\u00e7\u00e3o de comit\u00eas que unam l\u00edderes neopentecostais aos demais partidos de esquerda, como o PSB, com o qual petistas negociam formar uma federa\u00e7\u00e3o. Homem de confian\u00e7a do ex-presidente&nbsp;<a href=\"https:\/\/pleno.news\/tag\/lula\" target=\"_blank\" rel=\"noreferrer noopener\">Luiz In\u00e1cio Lula da Silva<\/a>, Gilberto Carvalho, ex-chefe da Secretaria-Geral da Presid\u00eancia, comanda as articula\u00e7\u00f5es.<\/p>\n\n\n\n<p>O objetivo \u00e9 adaptar a comunica\u00e7\u00e3o das campanhas aos valores desses segmentos para quebrar a resist\u00eancia \u00e0 candidatura Lula ao Planalto. Segundo a coordenadora do N\u00facleo de Evang\u00e9licos do PT (NEPT), deputada Benedita da Silva (RJ), o grupo quer reverter a no\u00e7\u00e3o de que crist\u00e3os desse segmento s\u00e3o avessos \u00e0 sigla.<\/p>\n\n\n\n<p>O fortalecimento dos canais de interlocu\u00e7\u00e3o com evang\u00e9licos foi um pedido de Lula. Em 2016, o PT perdeu mais da metade das 630 prefeituras que controlava. Desde ent\u00e3o, a legenda estuda estrat\u00e9gias para conciliar seu discurso com demandas do eleitorado evang\u00e9lico e entre os de classe social mais baixa. A perda de apoio entre eleitores de baixa renda foi considerada fundamental para o impeachment de Dilma Rousseff e para a derrota de Fernando Haddad para Jair Bolsonaro em 2018.<\/p>\n\n\n\n<p><strong>LAVA JATO<\/strong><br>No per\u00edodo de Lula no Planalto (2003-2010), l\u00edderes evang\u00e9licos se aproximaram do governo; mas, com a elei\u00e7\u00e3o de Dilma, o cen\u00e1rio mudou. Em meio \u00e0s den\u00fancias de corrup\u00e7\u00e3o da Lava Jato, pastores ligados a legendas conservadoras fustigaram o PT. Um dos meios de ataque foi a chamada agenda de costumes, associando a sigla a temas como aborto, libera\u00e7\u00e3o de drogas e ideologia de g\u00eanero. Com a crise econ\u00f4mica a partir de 2015, a prega\u00e7\u00e3o teve efeito devastador para o petismo, sobretudo entre os mais pobres, faixa na qual os evang\u00e9licos s\u00e3o mais fortes.<\/p>\n\n\n\n<p>Agora, o PT se aproxima de evang\u00e9licos de fora do partido, como o pastor Paulo Marcelo Schallenberger, que tentou se eleger vereador em S\u00e3o Paulo, em 2020. Em dezembro, o religioso se reuniu com Lula por mais de duas horas, em S\u00e3o Paulo. Schallenberger se aventurou na pol\u00edtica pelo Podemos, que hoje abriga o ex-juiz e presidenci\u00e1vel S\u00e9rgio Moro. N\u00e3o se elegeu. Agora, atua nos bastidores da comunidade neopentecostal em defesa do PT.<\/p>\n\n\n\n<p>O pregador j\u00e1 teve entrevero com a Justi\u00e7a. Em 2014, foi preso em Foz do Igua\u00e7u (PR) por suspeita de posse de arma e drogas. Segundo Benedita, as conversas ocorreram por iniciativa de Schallenberger, que apresentou ideias para fortalecer a candidatura Lula no segmento evang\u00e9lico. \u201cN\u00e3o houve nenhuma autoriza\u00e7\u00e3o dada a ele\u201d, disse a deputada.<\/p>\n\n\n\n<p>As Comunidades Eclesiais de Base da Igreja Cat\u00f3lica constitu\u00edram uma das bases do partido e hoje treina militantes sobre como abordar evang\u00e9licos.<\/p>\n\n\n\n<p>\u2013 Em 2015, come\u00e7amos a perceber a necessidade de um grupo com consist\u00eancia ideol\u00f3gica maior. Fazemos trabalho de base para aumentar a compreens\u00e3o pol\u00edtica dos evang\u00e9licos \u2013 afirmou o integrante da coordena\u00e7\u00e3o nacional do n\u00facleo e do projeto dos comit\u00eas, Geter Borges.<\/p>\n\n\n\n<p>Em setembro, o grupo promoveu o Encontro de Evang\u00e9licos com Lula, transmitido pelas redes sociais. Uma nova edi\u00e7\u00e3o est\u00e1 prevista este ano, ainda sem data definida.<\/p>\n\n\n\n<p>*AE<\/p>\n","protected":false},"excerpt":{"rendered":"<p>O&nbsp;PT&nbsp;criou n\u00facleos de evang\u00e9licos em 21 estados para tentar recuperar, nas elei\u00e7\u00f5es de 2022, os votos que perdeu entre as classes sociais D e E, em 2016 e 2018. O pr\u00f3ximo passo \u00e9 a cria\u00e7\u00e3o de comit\u00eas que unam l\u00edderes neopentecostais aos demais partidos de esquerda, como o PSB, com o qual petistas negociam formar [&hellip;]<\/p>\n","protected":false},"author":2,"featured_media":10699,"comment_status":"open","ping_status":"open","sticky":false,"template":"","format":"standard","meta":[],"categories":[4],"tags":[14],"_links":{"self":[{"href":"https:\/\/dgospel.com.br\/portal\/index.php\/wp-json\/wp\/v2\/posts\/10698"}],"collection":[{"href":"https:\/\/dgospel.com.br\/portal\/index.php\/wp-json\/wp\/v2\/posts"}],"about":[{"href":"https:\/\/dgospel.com.br\/portal\/index.php\/wp-json\/wp\/v2\/types\/post"}],"author":[{"embeddable":true,"href":"https:\/\/dgospel.com.br\/portal\/index.php\/wp-json\/wp\/v2\/users\/2"}],"replies":[{"embeddable":true,"href":"https:\/\/dgospel.com.br\/portal\/index.php\/wp-json\/wp\/v2\/comments?post=10698"}],"version-history":[{"count":1,"href":"https:\/\/dgospel.com.br\/portal\/index.php\/wp-json\/wp\/v2\/posts\/10698\/revisions"}],"predecessor-version":[{"id":10700,"href":"https:\/\/dgospel.com.br\/portal\/index.php\/wp-json\/wp\/v2\/posts\/10698\/revisions\/10700"}],"wp:featuredmedia":[{"embeddable":true,"href":"https:\/\/dgospel.com.br\/portal\/index.php\/wp-json\/wp\/v2\/media\/10699"}],"wp:attachment":[{"href":"https:\/\/dgospel.com.br\/portal\/index.php\/wp-json\/wp\/v2\/media?parent=10698"}],"wp:term":[{"taxonomy":"category","embeddable":true,"href":"https:\/\/dgospel.com.br\/portal\/index.php\/wp-json\/wp\/v2\/categories?post=10698"},{"taxonomy":"post_tag","embeddable":true,"href":"https:\/\/dgospel.com.br\/portal\/index.php\/wp-json\/wp\/v2\/tags?post=10698"}],"curies":[{"name":"wp","href":"https:\/\/api.w.org\/{rel}","templated":true}]}}