{"id":10704,"date":"2022-03-09T11:12:34","date_gmt":"2022-03-09T14:12:34","guid":{"rendered":"http:\/\/dgospel.com.br\/portal\/?p=10704"},"modified":"2022-03-09T11:12:36","modified_gmt":"2022-03-09T14:12:36","slug":"presidente-jair-bolsonaro-participa-de-encontro-com-evangelicos-no-palacio-da-alvorada","status":"publish","type":"post","link":"https:\/\/dgospel.com.br\/portal\/index.php\/2022\/03\/09\/presidente-jair-bolsonaro-participa-de-encontro-com-evangelicos-no-palacio-da-alvorada\/","title":{"rendered":"Presidente Jair Bolsonaro participa de encontro com evang\u00e9licos no Pal\u00e1cio da Alvorada"},"content":{"rendered":"\n<p>Nesta ter\u00e7a-feira (8), o presidente Jair Bolsonaro participou de um encontro com evang\u00e9licos no Pal\u00e1cio da Alvorada, em Bras\u00edlia. E durante discurso no evento, ele afirmou que dirige a na\u00e7\u00e3o \u201cpara o lado que os senhores desejarem\u201d e ainda que \u201cs\u00f3 Deus\u201d ir\u00e1 tir\u00e1-lo do cargo.<\/p>\n\n\n\n<p>Al\u00e9m de Bolsonaro, a primeira-dama, Michelle Bolsonaro, tamb\u00e9m participou do encontro com parlamentares evang\u00e9licos e com pastores. O in\u00edcio do evento contou com uma ora\u00e7\u00e3o e discursos dos religiosos.<\/p>\n\n\n\n<p>Em seguida foi a vez de Bolsonaro falar. Ele mostrou preocupa\u00e7\u00e3o com temas considerados sens\u00edveis aos evang\u00e9licos, como a defesa da fam\u00edlia. Tamb\u00e9m falou que nunca deixou \u201cde estar ao lado do povo\u201d.<\/p>\n\n\n\n<p>\u2013 Eu dirijo a na\u00e7\u00e3o para o lado que os senhores assim desejarem. \u00c9 f\u00e1cil? N\u00e3o \u00e9. Mas, n\u00f3s sabemos e temos for\u00e7a para buscar fazer o melhor para nossa p\u00e1tria (\u2026) N\u00e3o vai ser uma canetada que vai me tirar daqui. Quem me tira daqui \u00e9 somente Deus. N\u00e3o existe um ato meu, um discurso, uma a\u00e7\u00e3o, uma MP fora das quatro linhas [da Constitui\u00e7\u00e3o] \u2013 apontou o presidente.<\/p>\n\n\n\n<p>Ele tamb\u00e9m falou sobre os desafios que enfrenta na Presid\u00eancia e que gostaria de voltar a \u201cter paz\u201d.<\/p>\n\n\n\n<p>\u2013 Eu n\u00e3o vejo a hora de um dia entregar o bast\u00e3o da Presid\u00eancia para poder ir para a praia, tomar um caldo de cana na rua, voltar a pescar na Ba\u00eda de Angra. Ter paz. Mas eu creio que uma coisa fala por tudo isso a\u00ed. Quem estaria no meu lugar se a facada fosse fatal? Como estaria o Brasil com essa pandemia? \u2013 questionou.<\/p>\n\n\n\n<p>Entre os presentes no evento estiveram o deputado federal Marcos Pereira, presidente do Republicanos, o pastor Silas Malafaia, o Ap\u00f3stolo C\u00e9sar Augusto, o pastor Abner Ferreira, o pastor Samuel C\u00e2mara , ap\u00f3stolo Estevam Hernandes, ap\u00f3stolo Rina, o ap\u00f3stolo Ezequiel Teixeira, o pastor Lucinho Barreto, pastor Josu\u00e9 Gon\u00e7alves, pastor Josu\u00e9 Valandro Jr. e outras importantes lideran\u00e7as do Brasil.<\/p>\n\n\n\n<figure class=\"wp-block-embed-youtube wp-block-embed is-type-video is-provider-youtube wp-embed-aspect-16-9 wp-has-aspect-ratio\"><div class=\"wp-block-embed__wrapper\">\n<iframe loading=\"lazy\" title=\"Ao vivo: Bolsonaro participa de encontro com evang\u00e9licos\" width=\"630\" height=\"354\" src=\"https:\/\/www.youtube.com\/embed\/VxFTM8jpqCI?start=2137&#038;feature=oembed\" frameborder=\"0\" allow=\"accelerometer; autoplay; clipboard-write; encrypted-media; gyroscope; picture-in-picture\" allowfullscreen><\/iframe>\n<\/div><\/figure>\n","protected":false},"excerpt":{"rendered":"<p>Nesta ter\u00e7a-feira (8), o presidente Jair Bolsonaro participou de um encontro com evang\u00e9licos no Pal\u00e1cio da Alvorada, em Bras\u00edlia. E durante discurso no evento, ele afirmou que dirige a na\u00e7\u00e3o \u201cpara o lado que os senhores desejarem\u201d e ainda que \u201cs\u00f3 Deus\u201d ir\u00e1 tir\u00e1-lo do cargo. Al\u00e9m de Bolsonaro, a primeira-dama, Michelle Bolsonaro, tamb\u00e9m participou [&hellip;]<\/p>\n","protected":false},"author":2,"featured_media":10705,"comment_status":"open","ping_status":"open","sticky":false,"template":"","format":"standard","meta":[],"categories":[5,4],"tags":[],"_links":{"self":[{"href":"https:\/\/dgospel.com.br\/portal\/index.php\/wp-json\/wp\/v2\/posts\/10704"}],"collection":[{"href":"https:\/\/dgospel.com.br\/portal\/index.php\/wp-json\/wp\/v2\/posts"}],"about":[{"href":"https:\/\/dgospel.com.br\/portal\/index.php\/wp-json\/wp\/v2\/types\/post"}],"author":[{"embeddable":true,"href":"https:\/\/dgospel.com.br\/portal\/index.php\/wp-json\/wp\/v2\/users\/2"}],"replies":[{"embeddable":true,"href":"https:\/\/dgospel.com.br\/portal\/index.php\/wp-json\/wp\/v2\/comments?post=10704"}],"version-history":[{"count":1,"href":"https:\/\/dgospel.com.br\/portal\/index.php\/wp-json\/wp\/v2\/posts\/10704\/revisions"}],"predecessor-version":[{"id":10706,"href":"https:\/\/dgospel.com.br\/portal\/index.php\/wp-json\/wp\/v2\/posts\/10704\/revisions\/10706"}],"wp:featuredmedia":[{"embeddable":true,"href":"https:\/\/dgospel.com.br\/portal\/index.php\/wp-json\/wp\/v2\/media\/10705"}],"wp:attachment":[{"href":"https:\/\/dgospel.com.br\/portal\/index.php\/wp-json\/wp\/v2\/media?parent=10704"}],"wp:term":[{"taxonomy":"category","embeddable":true,"href":"https:\/\/dgospel.com.br\/portal\/index.php\/wp-json\/wp\/v2\/categories?post=10704"},{"taxonomy":"post_tag","embeddable":true,"href":"https:\/\/dgospel.com.br\/portal\/index.php\/wp-json\/wp\/v2\/tags?post=10704"}],"curies":[{"name":"wp","href":"https:\/\/api.w.org\/{rel}","templated":true}]}}