{"id":10710,"date":"2022-03-09T12:35:19","date_gmt":"2022-03-09T15:35:19","guid":{"rendered":"http:\/\/dgospel.com.br\/portal\/?p=10710"},"modified":"2022-03-10T09:13:34","modified_gmt":"2022-03-10T12:13:34","slug":"bolsonaro-participa-de-reuniao-por-videoconferencia-com-lideres-evangelicos-em-palmas","status":"publish","type":"post","link":"https:\/\/dgospel.com.br\/portal\/index.php\/2022\/03\/09\/bolsonaro-participa-de-reuniao-por-videoconferencia-com-lideres-evangelicos-em-palmas\/","title":{"rendered":"Bolsonaro participa de reuni\u00e3o por videoconfer\u00eancia com l\u00edderes evang\u00e9licos em Palmas"},"content":{"rendered":"\n<p>Em uma sequ\u00eancia de debates e palestras encampados pelos\nporta-vozes da Bancada Evang\u00e9lica na C\u00e2mara&nbsp;\nFederal &#8211; deputados Otoni de Paula (PSC-RJ) e Eli Borges (Solidariedade-\nTO)-&nbsp; pelos munic\u00edpios de Colinas, Nova\nOlinda, Aragua\u00edna e Palmas se encerrou, na noite desta segunda-feira (7),\ndurante audi\u00eancia na sede da igreja Assembleia de Deus &#8211; CIADSETA, presidida em\nPalmas pelo pastor Ant\u00f4nio Xavier e no estado pelo pastor Paulo Martins. O\nevento contou com a ilustre participa\u00e7\u00e3o do presidente da Rep\u00fablica, Jair\nBolsonaro, que discursou por videoconfer\u00eancia. A igreja em quest\u00e3o reafirmou a\nalian\u00e7a pol\u00edtica com o nome de Eli Borges.<\/p>\n\n\n\n<p>Ao vivo, o presidente Bolsonaro recebeu a ora\u00e7\u00e3o do pastor Ant\u00f4nio Xavier que destacou a constante intercess\u00e3o da igreja: &#8221;estamos de joelhos dobrados pelo seu mandato e pela sua vida&#8221;, ressaltou o l\u00edder. <\/p>\n\n\n\n<p>Ao falar aos pastores das conven\u00e7\u00f5es assembleianas do\nTocantins -COIMADETINS, CIADSETA e outras igrejas- Bolsonaro ressaltou as lutas\nque encabe\u00e7a em conformidade com as pautas defendidas pela igreja: contra o\naborto, linguagem neutra, ideologia de g\u00eanero, legaliza\u00e7\u00e3o das drogas, e outros\nassuntos que conflitam com os princ\u00edpios crist\u00e3os. <\/p>\n\n\n\n<p><strong>Momento\ndecisivo <\/strong><\/p>\n\n\n\n<p>Para Eli Borges, esse &#8216;\u00e9 um momento de decis\u00e3o para a\nigreja brasileira. Uma na\u00e7\u00e3o prudente, onde o semeador n\u00e3o dorme, ser\u00e1 honrada\npor Deus em sua prud\u00eancia&#8221;. <\/p>\n\n\n\n<p>O Porta-voz da Bancada Evang\u00e9lica detalhou a luta contra a\nlinguagem neutra que deturpa a l\u00edngua portuguesa&nbsp; e a identifica\u00e7\u00e3o dos g\u00eaneros de acordo com a\ncria\u00e7\u00e3o divina. Borges tamb\u00e9m classificou a exist\u00eancia do &#8216;famigerado&#8217; PL\n1360\/2015 que desconfigura a fam\u00edlia em sua constitui\u00e7\u00e3o original, flexibiliza\na prote\u00e7\u00e3o de crian\u00e7as contra a pedofilia e pro\u00edbe a b\u00ean\u00e7\u00e3o sacerdotal de ser\nproferida durante cerim\u00f4nias de&nbsp;\ncasamento. <\/p>\n\n\n\n<p>&#8211;<strong>Eli Borges mudou a\nhist\u00f3ria da C\u00e2mara <\/strong><\/p>\n\n\n\n<p>O porta-voz da Bancada Evang\u00e9lica, Otoni de Paula, explicou\na motiva\u00e7\u00e3o de sua viagem ao lado de Borges pelo Tocantins. &#8220;N\u00e3o ganho\nvoto, nem dinheiro para vir aqui. Eu vim aqui em nome da Frente Parlamentar\nEvang\u00e9lica agradecer a voc\u00eas, por ter nos dado esse presente que \u00e9 Eli Borges.\nAgrade\u00e7o a conven\u00e7\u00e3o da Madureira em nome da justi\u00e7a&#8221;. <\/p>\n\n\n\n<p>&#8220;Ele convenceu a Mesa Diretora da C\u00e2mara a agilizar e\ndesburocratizar o regimento interno do parlamento. Um deputado do Tocantins\nser\u00e1 o respons\u00e1vel&nbsp; por essa mudan\u00e7a\nhist\u00f3rica&#8221;,completou. <\/p>\n\n\n\n<p>Otoni ainda descreveu a trajet\u00f3ria de Eli Borges para\nretirar o benef\u00edcio ao segmento LGBT da Lei Aldir Blanc e incluir a cultura\ngospel. &#8221;Se \u00e9 um carioca, a gente carrega no colo. Mas ele \u00e9 de voc\u00eas.\nObrigado pela vida desse parlamentar de oito mandatos, sem nenhum processo por\ncorrup\u00e7\u00e3o ou enriquecimento il\u00edcito. Ser\u00e1 o \u00fanico evang\u00e9lico apoiado pelo\npresidente Bolsonaro entre candidatos a deputado federal pelo\nTocantins&#8221;, destacou o carioca.<\/p>\n","protected":false},"excerpt":{"rendered":"<p>Em uma sequ\u00eancia de debates e palestras encampados pelos porta-vozes da Bancada Evang\u00e9lica na C\u00e2mara&nbsp; Federal &#8211; deputados Otoni de Paula (PSC-RJ) e Eli Borges (Solidariedade- TO)-&nbsp; pelos munic\u00edpios de Colinas, Nova Olinda, Aragua\u00edna e Palmas se encerrou, na noite desta segunda-feira (7), durante audi\u00eancia na sede da igreja Assembleia de Deus &#8211; CIADSETA, presidida [&hellip;]<\/p>\n","protected":false},"author":2,"featured_media":10711,"comment_status":"open","ping_status":"open","sticky":false,"template":"","format":"standard","meta":[],"categories":[5,4],"tags":[],"_links":{"self":[{"href":"https:\/\/dgospel.com.br\/portal\/index.php\/wp-json\/wp\/v2\/posts\/10710"}],"collection":[{"href":"https:\/\/dgospel.com.br\/portal\/index.php\/wp-json\/wp\/v2\/posts"}],"about":[{"href":"https:\/\/dgospel.com.br\/portal\/index.php\/wp-json\/wp\/v2\/types\/post"}],"author":[{"embeddable":true,"href":"https:\/\/dgospel.com.br\/portal\/index.php\/wp-json\/wp\/v2\/users\/2"}],"replies":[{"embeddable":true,"href":"https:\/\/dgospel.com.br\/portal\/index.php\/wp-json\/wp\/v2\/comments?post=10710"}],"version-history":[{"count":2,"href":"https:\/\/dgospel.com.br\/portal\/index.php\/wp-json\/wp\/v2\/posts\/10710\/revisions"}],"predecessor-version":[{"id":10713,"href":"https:\/\/dgospel.com.br\/portal\/index.php\/wp-json\/wp\/v2\/posts\/10710\/revisions\/10713"}],"wp:featuredmedia":[{"embeddable":true,"href":"https:\/\/dgospel.com.br\/portal\/index.php\/wp-json\/wp\/v2\/media\/10711"}],"wp:attachment":[{"href":"https:\/\/dgospel.com.br\/portal\/index.php\/wp-json\/wp\/v2\/media?parent=10710"}],"wp:term":[{"taxonomy":"category","embeddable":true,"href":"https:\/\/dgospel.com.br\/portal\/index.php\/wp-json\/wp\/v2\/categories?post=10710"},{"taxonomy":"post_tag","embeddable":true,"href":"https:\/\/dgospel.com.br\/portal\/index.php\/wp-json\/wp\/v2\/tags?post=10710"}],"curies":[{"name":"wp","href":"https:\/\/api.w.org\/{rel}","templated":true}]}}