{"id":10717,"date":"2022-03-10T23:32:38","date_gmt":"2022-03-11T02:32:38","guid":{"rendered":"http:\/\/dgospel.com.br\/portal\/?p=10717"},"modified":"2022-03-10T23:32:39","modified_gmt":"2022-03-11T02:32:39","slug":"wanderlei-barbosa-reune-se-com-ministro-do-desenvolvimento-regional-rogerio-marinho-em-busca-de-recursos-para-os-municipios-tocantinenses","status":"publish","type":"post","link":"https:\/\/dgospel.com.br\/portal\/index.php\/2022\/03\/10\/wanderlei-barbosa-reune-se-com-ministro-do-desenvolvimento-regional-rogerio-marinho-em-busca-de-recursos-para-os-municipios-tocantinenses\/","title":{"rendered":"Wanderlei Barbosa re\u00fane-se com ministro do Desenvolvimento Regional Rog\u00e9rio Marinho em busca de recursos para os munic\u00edpios tocantinenses"},"content":{"rendered":"\n<p>O governador em exerc\u00edcio do Estado do Tocantins, Wanderlei Barbosa, esteve reunido na tarde desta quarta-feira, 9, em Bras\u00edlia (DF), com o ministro do Desenvolvimento Regional (MDR), Rog\u00e9rio Marinho; o secret\u00e1rio nacional de habita\u00e7\u00e3o, Alfredo Eduardo dos Santos, senadores, secret\u00e1rios de Estado e prefeitos tocantinenses, para tratar de demandas importantes para o Tocantins, dentre elas o apoio para os munic\u00edpios atingidos por enchentes e para implementar programas de moradia.&nbsp;<\/p>\n\n\n\n<p>Na oportunidade, o Governador destacou o alcance social das demandas apresentadas em benef\u00edcio dos munic\u00edpios tocantinenses. \u201cN\u00f3s viemos, junto com&nbsp;os senadores Iraj\u00e1 e K\u00e1tia Abreu e o deputado Vicentinho, para apresentar pautas importantes para esses munic\u00edpios que sofreram com as enchentes, projetos ligados \u00e0 habita\u00e7\u00e3o que t\u00eam um alcance social important\u00edssimo e n\u00f3s queremos que essas demandas sejam atendidas. A receptividade do ministro foi excelente e as nossas expectativas foram as melhores poss\u00edveis\u201d, afirmou Wanderlei Barbosa.&nbsp;<\/p>\n\n\n\n<p>O secret\u00e1rio de Estado da Infraestrutura, Cidades e Habita\u00e7\u00f5es (Seinf), Jairo Mariano, que tamb\u00e9m participou da reuni\u00e3o, destacou ainda que foi feito um convite para que a equipe do MDR re\u00fana-se com os prefeitos tocantinenses, a fim de apresentar as possibilidades para a implanta\u00e7\u00e3o do programa Pr\u00f3-Moradia, do Governo Federal, em todos os 139 munic\u00edpios.<\/p>\n\n\n\n<p>\u201cQueremos fazer uma reuni\u00e3o em Palmas, possivelmente no pr\u00f3ximo dia 28 deste m\u00eas, reunindo todos os munic\u00edpios do Estado para trazer os detalhes sobre a forma de se obter o programa Pr\u00f3-Moradia do Governo Federal aos munic\u00edpios. O Estado j\u00e1 tem um programa habitacional, por\u00e9m inativo, mas, est\u00e1 dentro das nossas propostas retomar esse programa t\u00e3o importante para as pessoas em vulnerabilidade e, evidentemente, diminuir o d\u00e9ficit habitacional do nosso Estado. Convidamos o ministro e a equipe dele que vai fazer as orienta\u00e7\u00f5es t\u00e9cnicas\u201d, finalizou o secret\u00e1rio Jairo Mariano.&nbsp;<\/p>\n\n\n\n<p>Estiveram presentes na reuni\u00e3o os prefeitos dos munic\u00edpios de Porto Nacional, Praia Norte, Paran\u00e3 e&nbsp;S\u00e3o Miguel do Tocantins, al\u00e9m dos senadores Iraj\u00e1 Abreu e K\u00e1tia Abreu, o deputado federal Vicentinho J\u00fanior e o secret\u00e1rio Extraordin\u00e1rio de Parcerias P\u00fablico-Privadas do Tocantins, Ricardo Ayres.<\/p>\n\n\n\n<figure class=\"wp-block-image\"><img src=\"https:\/\/central.to.gov.br\/image\/282335?w=670&amp;h=383\" alt=\"\"\/><\/figure>\n\n\n\n<p>Na oportunidade, foi feito um convite \u00e0 equipe do MDR para que venham ao Tocantins falar sobre o programa Pr\u00f3-Moradia &#8211; J\u00e9ssica Matos\/Governo do Tocantins\u00a0<\/p>\n\n\n\n<figure class=\"wp-block-image\"><img src=\"https:\/\/central.to.gov.br\/image\/282337?w=670&amp;h=383\" alt=\"\"\/><\/figure>\n\n\n\n<p>Prefeitos dos munic\u00edpios atingidos pelas enchentes tamb\u00e9m participaram da reuni\u00e3o &#8211; J\u00e9ssica Matos\/Governo do Tocantins\n\n<\/p>\n","protected":false},"excerpt":{"rendered":"<p>O governador em exerc\u00edcio do Estado do Tocantins, Wanderlei Barbosa, esteve reunido na tarde desta quarta-feira, 9, em Bras\u00edlia (DF), com o ministro do Desenvolvimento Regional (MDR), Rog\u00e9rio Marinho; o secret\u00e1rio nacional de habita\u00e7\u00e3o, Alfredo Eduardo dos Santos, senadores, secret\u00e1rios de Estado e prefeitos tocantinenses, para tratar de demandas importantes para o Tocantins, dentre elas [&hellip;]<\/p>\n","protected":false},"author":2,"featured_media":10718,"comment_status":"open","ping_status":"open","sticky":false,"template":"","format":"standard","meta":[],"categories":[3],"tags":[13],"_links":{"self":[{"href":"https:\/\/dgospel.com.br\/portal\/index.php\/wp-json\/wp\/v2\/posts\/10717"}],"collection":[{"href":"https:\/\/dgospel.com.br\/portal\/index.php\/wp-json\/wp\/v2\/posts"}],"about":[{"href":"https:\/\/dgospel.com.br\/portal\/index.php\/wp-json\/wp\/v2\/types\/post"}],"author":[{"embeddable":true,"href":"https:\/\/dgospel.com.br\/portal\/index.php\/wp-json\/wp\/v2\/users\/2"}],"replies":[{"embeddable":true,"href":"https:\/\/dgospel.com.br\/portal\/index.php\/wp-json\/wp\/v2\/comments?post=10717"}],"version-history":[{"count":1,"href":"https:\/\/dgospel.com.br\/portal\/index.php\/wp-json\/wp\/v2\/posts\/10717\/revisions"}],"predecessor-version":[{"id":10719,"href":"https:\/\/dgospel.com.br\/portal\/index.php\/wp-json\/wp\/v2\/posts\/10717\/revisions\/10719"}],"wp:featuredmedia":[{"embeddable":true,"href":"https:\/\/dgospel.com.br\/portal\/index.php\/wp-json\/wp\/v2\/media\/10718"}],"wp:attachment":[{"href":"https:\/\/dgospel.com.br\/portal\/index.php\/wp-json\/wp\/v2\/media?parent=10717"}],"wp:term":[{"taxonomy":"category","embeddable":true,"href":"https:\/\/dgospel.com.br\/portal\/index.php\/wp-json\/wp\/v2\/categories?post=10717"},{"taxonomy":"post_tag","embeddable":true,"href":"https:\/\/dgospel.com.br\/portal\/index.php\/wp-json\/wp\/v2\/tags?post=10717"}],"curies":[{"name":"wp","href":"https:\/\/api.w.org\/{rel}","templated":true}]}}