{"id":10720,"date":"2022-03-10T23:34:06","date_gmt":"2022-03-11T02:34:06","guid":{"rendered":"http:\/\/dgospel.com.br\/portal\/?p=10720"},"modified":"2022-03-10T23:34:07","modified_gmt":"2022-03-11T02:34:07","slug":"governo-do-tocantins-altera-prazo-de-credito-tributario-do-refis-2021","status":"publish","type":"post","link":"https:\/\/dgospel.com.br\/portal\/index.php\/2022\/03\/10\/governo-do-tocantins-altera-prazo-de-credito-tributario-do-refis-2021\/","title":{"rendered":"Governo do Tocantins altera prazo de cr\u00e9dito tribut\u00e1rio do Refis 2021"},"content":{"rendered":"\n<p>O Governo do Tocantins alterou o prazo de ocorr\u00eancia de fato gerador ou ato infracional do Programa de Recupera\u00e7\u00e3o de Cr\u00e9ditos Fiscais (Refis), edi\u00e7\u00e3o 2021, por meio da Medida Provis\u00f3ria (MP) n\u00b0 6\/2022 publicada no Di\u00e1rio Oficial do Estado dessa quarta-feira, 9.<\/p>\n\n\n\n<p>Com a MP, que altera o artigo 3\u00b0 da Lei n\u00b0 3.831, de 26 de outubro de 2021, o Refis alcan\u00e7a agora os cr\u00e9ditos constitu\u00eddos at\u00e9 30 de setembro de 2021, visando ao incremento de receitas pr\u00f3prias, com o recebimento de parte da d\u00edvida ativa do Estado que, com natureza de transa\u00e7\u00e3o tribut\u00e1ria, n\u00e3o acarretar\u00e1 ren\u00fancia de receita, nos termos da Constitui\u00e7\u00e3o Federal e da Lei de Responsabilidade Fiscal (LRF).<\/p>\n\n\n\n<p>A MP est\u00e1 respaldada no Conv\u00eanio ICMS n\u00b0 203\/2022 do Conselho Nacional de Pol\u00edtica Fazend\u00e1ria (Confaz), que estendeu o prazo at\u00e9 30 de setembro de 2021, autorizando o Poder Executivo Estadual a adotar provid\u00eancia normativa quanto ao Refis. Entretanto, a Secretaria de Estado da Fazenda (Sefaz) ressalta que o contribuinte deve ficar atento ao prazo final, no pr\u00f3ximo dia 18 de mar\u00e7o, para o preenchimento on-line da proposta do Refis, no site&nbsp;<a href=\"https:\/\/refis.to.gov.br\/\">refis.to.gov.br<\/a>, tamb\u00e9m acessado diretamente na p\u00e1gina da Sefaz na internet.&nbsp;<\/p>\n\n\n\n<p><strong>Sobre o Refis<\/strong><\/p>\n\n\n\n<p>O Refis oportuniza a quita\u00e7\u00e3o ou as negocia\u00e7\u00f5es de d\u00e9bitos tribut\u00e1rios do Imposto sobre Circula\u00e7\u00e3o de Mercadorias e Presta\u00e7\u00e3o de Servi\u00e7os (ICMS); do Imposto sobre a Propriedade de Ve\u00edculos Automotores (IPVA); do Imposto sobre Transmiss\u00e3o Causa Mortis ou Doa\u00e7\u00e3o (ITCD); al\u00e9m de d\u00e9bitos n\u00e3o tribut\u00e1rios e n\u00e3o inscritos na D\u00edvida Ativa, como d\u00e9bitos do Procon, multas do Instituto Natureza do Tocantins (Naturatins), da Ag\u00eancia Tocantinense de Regula\u00e7\u00e3o, Controle e Fiscaliza\u00e7\u00e3o (ATR), do Tribunal de Contas do Estado (TCE\/TO), dentre outras vinculadas \u00e0 Receita Estadual.<\/p>\n\n\n\n<p>No pagamento \u00e0 vista dos d\u00e9bitos tribut\u00e1rios, o contribuinte pode ter at\u00e9 95% de redu\u00e7\u00e3o sobre multas morat\u00f3rias e juros. J\u00e1 para os d\u00e9bitos n\u00e3o tribut\u00e1rios, desde que n\u00e3o inscritos na D\u00edvida Ativa, o desconto ser\u00e1 somente sobre os juros, de at\u00e9 95%. Em caso de parcelamento, o desconto poder\u00e1 ser de 70% a 90%, podendo ser dividido em at\u00e9 72 parcelas mensais iguais e sucessivas, com exce\u00e7\u00e3o da primeira parcela que ter\u00e1 valor diferenciado de 10%, conforme c\u00e1lculos da Sefaz.<\/p>\n\n\n\n<p><strong>Ades\u00e3o ao Refis<\/strong><\/p>\n\n\n\n<p>Os interessados em aderir ao Refis devem preencher o requerimento diretamente no site&nbsp;<a href=\"https:\/\/refis.to.gov.br\/\">https:\/\/refis.to.gov.br\/<\/a>&nbsp;e depois procurar as unidades de atendimento da Sefaz em Palmas ou no interior do Estado, com os documentos pessoais, para confirma\u00e7\u00e3o do parcelamento. A lista com os endere\u00e7os e os telefones das unidades est\u00e1 dispon\u00edvel no site&nbsp;<a href=\"https:\/\/www.sefaz.to.gov.br\/\">www.sefaz.to.gov.br<\/a>, menu Institucional\/Agenda Institucional.<\/p>\n\n\n\n<p>Para mais informa\u00e7\u00f5es ou esclarecimento de d\u00favidas sobre o Refis, o contribuinte pode tamb\u00e9m entrar em contato pelo telefone 0800 0631144 ou procurar as unidades de atendimento da Sefaz.<\/p>\n","protected":false},"excerpt":{"rendered":"<p>O Governo do Tocantins alterou o prazo de ocorr\u00eancia de fato gerador ou ato infracional do Programa de Recupera\u00e7\u00e3o de Cr\u00e9ditos Fiscais (Refis), edi\u00e7\u00e3o 2021, por meio da Medida Provis\u00f3ria (MP) n\u00b0 6\/2022 publicada no Di\u00e1rio Oficial do Estado dessa quarta-feira, 9. Com a MP, que altera o artigo 3\u00b0 da Lei n\u00b0 3.831, de [&hellip;]<\/p>\n","protected":false},"author":2,"featured_media":10721,"comment_status":"open","ping_status":"open","sticky":false,"template":"","format":"standard","meta":[],"categories":[3],"tags":[13],"_links":{"self":[{"href":"https:\/\/dgospel.com.br\/portal\/index.php\/wp-json\/wp\/v2\/posts\/10720"}],"collection":[{"href":"https:\/\/dgospel.com.br\/portal\/index.php\/wp-json\/wp\/v2\/posts"}],"about":[{"href":"https:\/\/dgospel.com.br\/portal\/index.php\/wp-json\/wp\/v2\/types\/post"}],"author":[{"embeddable":true,"href":"https:\/\/dgospel.com.br\/portal\/index.php\/wp-json\/wp\/v2\/users\/2"}],"replies":[{"embeddable":true,"href":"https:\/\/dgospel.com.br\/portal\/index.php\/wp-json\/wp\/v2\/comments?post=10720"}],"version-history":[{"count":1,"href":"https:\/\/dgospel.com.br\/portal\/index.php\/wp-json\/wp\/v2\/posts\/10720\/revisions"}],"predecessor-version":[{"id":10722,"href":"https:\/\/dgospel.com.br\/portal\/index.php\/wp-json\/wp\/v2\/posts\/10720\/revisions\/10722"}],"wp:featuredmedia":[{"embeddable":true,"href":"https:\/\/dgospel.com.br\/portal\/index.php\/wp-json\/wp\/v2\/media\/10721"}],"wp:attachment":[{"href":"https:\/\/dgospel.com.br\/portal\/index.php\/wp-json\/wp\/v2\/media?parent=10720"}],"wp:term":[{"taxonomy":"category","embeddable":true,"href":"https:\/\/dgospel.com.br\/portal\/index.php\/wp-json\/wp\/v2\/categories?post=10720"},{"taxonomy":"post_tag","embeddable":true,"href":"https:\/\/dgospel.com.br\/portal\/index.php\/wp-json\/wp\/v2\/tags?post=10720"}],"curies":[{"name":"wp","href":"https:\/\/api.w.org\/{rel}","templated":true}]}}