{"id":10726,"date":"2022-03-10T23:37:44","date_gmt":"2022-03-11T02:37:44","guid":{"rendered":"http:\/\/dgospel.com.br\/portal\/?p=10726"},"modified":"2022-03-10T23:37:45","modified_gmt":"2022-03-11T02:37:45","slug":"em-lancamento-do-programa-de-ciencia-e-tecnologia-governador-wanderlei-barbosa-entrega-veiculo-a-pesquisadores-e-laboratorio-a-unitins","status":"publish","type":"post","link":"https:\/\/dgospel.com.br\/portal\/index.php\/2022\/03\/10\/em-lancamento-do-programa-de-ciencia-e-tecnologia-governador-wanderlei-barbosa-entrega-veiculo-a-pesquisadores-e-laboratorio-a-unitins\/","title":{"rendered":"Em lan\u00e7amento do Programa de Ci\u00eancia e Tecnologia, governador Wanderlei Barbosa entrega ve\u00edculo a pesquisadores e laborat\u00f3rio \u00e0 Unitins"},"content":{"rendered":"\n<p>Com o objetivo de promover o desenvolvimento do Estado, o governador em exerc\u00edcio do Tocantins, Wanderlei Barbosa, lan\u00e7ou nesta quinta-feira, 10, o&nbsp;<em>Programa Estadual de Ci\u00eancia, Tecnologia e Inova\u00e7\u00e3o<\/em>&nbsp;e um elenco de a\u00e7\u00f5es para alavancar o setor cient\u00edfico, por meio da Funda\u00e7\u00e3o de Amparo \u00e0 Pesquisa do Tocantins (Fapt). O evento foi realizado na sala de reuni\u00f5es do Pal\u00e1cio Araguaia e contou com a presen\u00e7a de pesquisadores e gestores p\u00fablicos.&nbsp;<\/p>\n\n\n\n<p>Dentre as a\u00e7\u00f5es apresentadas constam o Projeto do Parque Tecnol\u00f3gico do Tocantins a ser implantado na Capital, \u00e0 margem do Lago de Palmas, na NS-15, pr\u00f3ximo ao Shopping Capim Dourado e aos campus da Universidade do Tocantins (Unitins) e Universidade Federal do Tocantins (UFT). A expectativa do Governo \u00e9 implantar um espa\u00e7o para reunir empresas, universidades e poder p\u00fablico, com o objetivo de estimular a cultura da inova\u00e7\u00e3o e contribuir com o desenvolvimento do Estado.<\/p>\n\n\n\n<p>Durante o evento, o Governador Wanderlei Barbosa assinou a minuta do projeto de lei que institui o Marco Legal da Ci\u00eancia e Tecnologia do Tocantins, que disp\u00f5e sobre os est\u00edmulos ao desenvolvimento cient\u00edfico, \u00e0 pesquisa, \u00e0 capacita\u00e7\u00e3o cient\u00edfica e tecnol\u00f3gica e \u00e0 inova\u00e7\u00e3o. Tamb\u00e9m entregou um ve\u00edculo do Projeto Estruturante, que ser\u00e1 utilizado pelos pesquisadores, e participou da entrega de cart\u00f5es de custeio aos coordenadores dos projetos do&nbsp;<em>Programa de Bolsas da Coordena\u00e7\u00e3o de Aperfei\u00e7oamento de Pessoal de N\u00edvel Superior (CAPES) \/ FAPT<\/em>.<\/p>\n\n\n\n<p>\u201cTemos que fazer investimentos nessa \u00e1rea da ci\u00eancia, tecnologia e pesquisas em todos os setores. N\u00f3s sabemos da import\u00e2ncia e de que maneira vamos industrializar o Estado e gerar muito mais empregos. N\u00f3s temos que buscar esses caminhos, buscar as parcerias. Estamos com o olhar voltado para esse setor, porque sabemos que \u00e9 o caminho para o desenvolvimento e se aportamos recursos, seguramente vamos estar lado a lado com outros estados para fazermos a evolu\u00e7\u00e3o tecnol\u00f3gica\u201d, salientou o governador Wanderlei Barbosa.<\/p>\n\n\n\n<p><strong>Lara<\/strong><\/p>\n\n\n\n<p>Durante o lan\u00e7amento do Programa tamb\u00e9m foi realizada a entrega simb\u00f3lica das chaves do Laborat\u00f3rio de Refer\u00eancia Animal (Lara) de Aragua\u00edna, ao reitor da Universidade do Tocantins (Unitins). A constru\u00e7\u00e3o do laborat\u00f3rio \u00e9 resultado do conv\u00eanio do Governo do Tocantins, por meio da Fapt com a Financiadora de Estudos e Projetos (Finep), e busca diminuir os custos de log\u00edstica do produtor rural que atualmente recorre aos servi\u00e7os do laborat\u00f3rio em outros estados.<\/p>\n\n\n\n<p><strong>Conv\u00eanio<\/strong><\/p>\n\n\n\n<p>Ainda durante o evento, a Fapt e o Instituto Natureza do Tocantins (Naturatins) celebraram conv\u00eanio que visa o apoio a projetos de pesquisa voltados ao conhecimento, monitoramento, manejo, uso e prote\u00e7\u00e3o da biodiversidade, do patrim\u00f4nio cultural e dos recursos naturais em unidades de conserva\u00e7\u00e3o estaduais do Tocantins.&nbsp;<\/p>\n\n\n\n<p><strong>Investimento em pesquisa<\/strong><\/p>\n\n\n\n<p>Tamb\u00e9m foi assinado um Termo de Outorga do Edital Bolsa de Produtividade, que visa a valoriza\u00e7\u00e3o de pesquisadores doutores com relevante produ\u00e7\u00e3o cient\u00edfica, tecnol\u00f3gica e de inova\u00e7\u00e3o em suas respectivas \u00e1reas do conhecimento, com vistas a contribuir para o desenvolvimento do Tocantins.&nbsp;<\/p>\n\n\n\n<p>O presidente da Fapt, M\u00e1rcio Silveira, defendeu que o investimento em ci\u00eancia, tecnologia e inova\u00e7\u00e3o pode ajudar a transformar o Tocantins. \u201c\u00c9 a primeira vez em mais de 30 anos que o Governo faz um gesto muito importante para a ci\u00eancia e tecnologia, como viabilizar a bolsa para pesquisadores de mestrado, bolsa de produtividade e outros. Isso \u00e9 o b\u00e1sico, mas se come\u00e7armos a fazer o b\u00e1sico bem feito, temos certeza de que vamos evoluir bastante\u201d, pontuou.&nbsp;<\/p>\n\n\n\n<p><strong>Presen\u00e7as<\/strong><\/p>\n\n\n\n<p>O evento contou com a presen\u00e7a da comunidade cient\u00edfica e os gestores p\u00fablicos, reitores de universidades, deputados estaduais, federais e secret\u00e1rios de Estado.<\/p>\n\n\n\n<figure class=\"wp-block-image\"><img src=\"https:\/\/central.to.gov.br\/image\/282477?w=670&amp;h=383\" alt=\"\"\/><\/figure>\n\n\n\n<p>Governador destacou a necessidade de fazer investimentos na \u00e1rea de ci\u00eancias, tecnologia e inova\u00e7\u00e3o &#8211; Antonio Gon\u00e7alves\/Governo do Tocantins\u00a0<\/p>\n\n\n\n<figure class=\"wp-block-image\"><img src=\"https:\/\/central.to.gov.br\/image\/282478?w=670&amp;h=383\" alt=\"\"\/><\/figure>\n\n\n\n<p>Durante o lan\u00e7amento do Programa foi realizada a entrega simb\u00f3lica das chaves do Laborat\u00f3rio de Refer\u00eancia Animal de Aragua\u00edna \u00e0 Unitins &#8211; Antonio Gon\u00e7alves\/Governo do Tocantins\u00a0<\/p>\n\n\n\n<figure class=\"wp-block-image\"><img src=\"https:\/\/central.to.gov.br\/image\/282479?w=670&amp;h=383\" alt=\"\"\/><\/figure>\n\n\n\n<p>Evento contou com a presen\u00e7a da comunidade cient\u00edfica e os gestores p\u00fablicos, reitores de universidades, deputados estaduais, federais e secret\u00e1rios de Estado &#8211; Antonio Gon\u00e7alves\/Governo do Tocantins&nbsp;\n\n<\/p>\n","protected":false},"excerpt":{"rendered":"<p>Com o objetivo de promover o desenvolvimento do Estado, o governador em exerc\u00edcio do Tocantins, Wanderlei Barbosa, lan\u00e7ou nesta quinta-feira, 10, o&nbsp;Programa Estadual de Ci\u00eancia, Tecnologia e Inova\u00e7\u00e3o&nbsp;e um elenco de a\u00e7\u00f5es para alavancar o setor cient\u00edfico, por meio da Funda\u00e7\u00e3o de Amparo \u00e0 Pesquisa do Tocantins (Fapt). O evento foi realizado na sala de [&hellip;]<\/p>\n","protected":false},"author":2,"featured_media":10727,"comment_status":"open","ping_status":"open","sticky":false,"template":"","format":"standard","meta":[],"categories":[3],"tags":[13],"_links":{"self":[{"href":"https:\/\/dgospel.com.br\/portal\/index.php\/wp-json\/wp\/v2\/posts\/10726"}],"collection":[{"href":"https:\/\/dgospel.com.br\/portal\/index.php\/wp-json\/wp\/v2\/posts"}],"about":[{"href":"https:\/\/dgospel.com.br\/portal\/index.php\/wp-json\/wp\/v2\/types\/post"}],"author":[{"embeddable":true,"href":"https:\/\/dgospel.com.br\/portal\/index.php\/wp-json\/wp\/v2\/users\/2"}],"replies":[{"embeddable":true,"href":"https:\/\/dgospel.com.br\/portal\/index.php\/wp-json\/wp\/v2\/comments?post=10726"}],"version-history":[{"count":1,"href":"https:\/\/dgospel.com.br\/portal\/index.php\/wp-json\/wp\/v2\/posts\/10726\/revisions"}],"predecessor-version":[{"id":10728,"href":"https:\/\/dgospel.com.br\/portal\/index.php\/wp-json\/wp\/v2\/posts\/10726\/revisions\/10728"}],"wp:featuredmedia":[{"embeddable":true,"href":"https:\/\/dgospel.com.br\/portal\/index.php\/wp-json\/wp\/v2\/media\/10727"}],"wp:attachment":[{"href":"https:\/\/dgospel.com.br\/portal\/index.php\/wp-json\/wp\/v2\/media?parent=10726"}],"wp:term":[{"taxonomy":"category","embeddable":true,"href":"https:\/\/dgospel.com.br\/portal\/index.php\/wp-json\/wp\/v2\/categories?post=10726"},{"taxonomy":"post_tag","embeddable":true,"href":"https:\/\/dgospel.com.br\/portal\/index.php\/wp-json\/wp\/v2\/tags?post=10726"}],"curies":[{"name":"wp","href":"https:\/\/api.w.org\/{rel}","templated":true}]}}