{"id":10729,"date":"2022-03-10T23:43:52","date_gmt":"2022-03-11T02:43:52","guid":{"rendered":"http:\/\/dgospel.com.br\/portal\/?p=10729"},"modified":"2022-03-10T23:43:53","modified_gmt":"2022-03-11T02:43:53","slug":"bolsonaro-revela-quais-de-seus-ministros-deixarao-o-governo","status":"publish","type":"post","link":"https:\/\/dgospel.com.br\/portal\/index.php\/2022\/03\/10\/bolsonaro-revela-quais-de-seus-ministros-deixarao-o-governo\/","title":{"rendered":"Bolsonaro revela quais de seus ministros deixar\u00e3o o governo"},"content":{"rendered":"\n<p>\n\nNesta quinta-feira (10), durante sua tradicional live pelas redes sociais, o presidente Jair Bolsonaro revelou quais de seus ministros ir\u00e3o deixar o governo para a disputa das elei\u00e7\u00f5es neste ano. Para ele, todos t\u00eam chance de se eleger por sa\u00edrem do governo com visibilidade.\n\n<\/p>\n\n\n\n<figure class=\"wp-block-image\"><img src=\"https:\/\/static.cdn.pleno.news\/2022\/03\/BolsoLive2-1024x619.png\" alt=\"\" class=\"wp-image-910295\"\/><figcaption>Presidente Jair Bolsonaro em sua live semanal&nbsp;Foto: Reprodu\u00e7\u00e3o\/Print de v\u00eddeo publicado por Jair Bolsonaro nas redes sociais<\/figcaption><\/figure>\n\n\n\n<p> Bolsonaro come\u00e7ou citando oito ministros e a quais cargos eles pretendem concorrer. <\/p>\n\n\n\n<p>\u2013 Aproximadamente oito ministros deixar\u00e3o os minist\u00e9rios para poder concorrer \u00e0s elei\u00e7\u00f5es. A Damares [da Mulher, Fam\u00edlia e Direitos Humanos] vai pelo Amap\u00e1. \u00c9 isso mesmo? Em Pernambuco, Gilson [Machado, do Turismo] vai pelo Senado. Em S\u00e3o Paulo, Tarc\u00edsio [de Freitas, da Infraestrutura] pelo governo. No Rio Grande do Norte, Rog\u00e9rio Marinho [do Desenvolvimento Regional], Senado. Rio Grande do Sul, Onyx [Lorenzoni, do Trabalho], governador \u2013 explicou.<\/p>\n\n\n\n<p>Ele ent\u00e3o continuou.<\/p>\n\n\n\n<p>\u2013 Tereza Cristina [da Agricultura] no Mato Grosso do Sul, Senado. No DF, Fl\u00e1via Arruda [da Secretaria de Governo], Senado. Na Bahia, Jo\u00e3o Roma [da Cidadania], governador. E vamos ter um ministro por a\u00ed. Um assessor direto meu ser\u00e1 suplente, o T\u00e9rcio [Arnaud Tomaz] (\u2026) No momento temos sete ministros confirmados que se afastar\u00e3o \u2013 destacou.<\/p>\n\n\n\n<figure class=\"wp-block-image\"><img src=\"https:\/\/static.cdn.pleno.news\/2021\/10\/50932020578_bc59f7eb8c_c-768x512.jpg\" alt=\"Ministra da Mulher, Fam\u00edlia e Direitos Humanos, Damares Alves\"\/><figcaption>Ministra da Mulher, Fam\u00edlia e Direitos Humanos, Damares Alves, ser\u00e1 candidata ao Senado pelo Amap\u00e1&nbsp;\/ Foto: PR\/Alan Santos<\/figcaption><\/figure>\n\n\n\n<figure class=\"wp-block-image\"><img src=\"https:\/\/static.cdn.pleno.news\/2020\/12\/50729896956_c426adfd7c_k-e1608231503917-768x474.jpg\" alt=\"Ministro do Turismo, Gilson Machado\"\/><figcaption>Ministro do Turismo, Gilson Machado, ser\u00e1 candidato ao Senado por Pernambuco&nbsp;\/ Foto: Isac N\u00f3brega\/PR<\/figcaption><\/figure>\n\n\n\n<figure class=\"wp-block-image\"><img src=\"https:\/\/static.cdn.pleno.news\/2021\/10\/CI_-_Comissa%CC%83o_de_Servic%CC%A7os_de_Infraestrutura_40381627071-768x510.jpeg\" alt=\"Ministro da Infraestrutura, Tarc\u00edsio Freitas\"\/><figcaption>Ministro da Infraestrutura, Tarc\u00edsio Freitas, ser\u00e1 candidato ao governo de S\u00e3o Paulo&nbsp;\/ Foto: Ag\u00eancia Senado\/Pedro Fran\u00e7a<\/figcaption><\/figure>\n\n\n\n<figure class=\"wp-block-image\"><img src=\"https:\/\/static.cdn.pleno.news\/2022\/01\/Roge%CC%81rio-Marinho-Previde%CC%82ncia-e1643659897128-768x466.jpeg\" alt=\"Ministro do Desenvolvimento Regional, Rog\u00e9rio Marinho\"\/><figcaption>Ministro do Desenvolvimento Regional, Rog\u00e9rio Marinho, ser\u00e1 candidato ao Senado pelo Rio Grande do Norte&nbsp;\/ Foto: Ag\u00eancia Brasil\/Fabio Pozzebom<\/figcaption><\/figure>\n\n\n\n<figure class=\"wp-block-image\"><img src=\"https:\/\/static.cdn.pleno.news\/2021\/10\/51563101418_f21d89bda1_k-768x512.jpg\" alt=\"Ministro do Trabalho, Onyx Lorenzoni\"\/><figcaption>Ministro do Trabalho, Onyx Lorenzoni, ser\u00e1 candidato ao governo do Rio Grande do Sul&nbsp;\/ Foto: Alan Santos\/PR<\/figcaption><\/figure>\n\n\n\n<figure class=\"wp-block-image\"><img src=\"https:\/\/static.cdn.pleno.news\/2019\/10\/38573715420_3c138c65e7_k-768x433.jpg\" alt=\"Ministra da Agricultura, Tereza Cristina\"\/><figcaption>Ministra da Agricultura, Tereza Cristina, ser\u00e1 candidata ao Senado pelo Mato Grosso do Sul&nbsp;\/ Foto: Ag\u00eancia Senado\/Marcos Oliveira<\/figcaption><\/figure>\n\n\n\n<figure class=\"wp-block-image\"><img src=\"https:\/\/static.cdn.pleno.news\/2021\/03\/img20200909123548919-768x512.jpg\" alt=\"Ministra da Secretaria de Governo, Fl\u00e1via Arruda\"\/><figcaption>Ministra da Secretaria de Governo, Fl\u00e1via Arruda, ser\u00e1 candidata ao Senado pelo Distrito Federal&nbsp;\/ Foto: Luis Macedo\/C\u00e2mara dos Deputados<\/figcaption><\/figure>\n\n\n\n<figure class=\"wp-block-image\"><img src=\"https:\/\/static.cdn.pleno.news\/2021\/12\/img20200304114031261-768x512.jpg\" alt=\"Ministro da Cidadania, Jo\u00e3o Roma\"\/><figcaption>Ministro da Cidadania, Jo\u00e3o Roma, ser\u00e1 candidato ao governo da Bahia&nbsp;\/ Foto: C\u00e2mara dos Deputados\/Luis Macedo<\/figcaption><\/figure>\n\n\n\n<figure class=\"wp-block-image\"><img src=\"https:\/\/static.cdn.pleno.news\/2019\/08\/marcos-pontes-e1565041435872.png\" alt=\"Ministro da Ci\u00eancia e Tecnologia, Marcos Pontes\"\/><figcaption>Ministro da Ci\u00eancia e Tecnologia, Marcos Pontes, ser\u00e1 candidato a deputado federal por S\u00e3o Paulo&nbsp;\/ Foto: M\u00e1rcio Nascimento\/MCTIC<\/figcaption><\/figure>\n\n\n\n<figure class=\"wp-block-image\"><img src=\"https:\/\/static.cdn.pleno.news\/2021\/12\/51746687093_e87605ad38_k-768x512.jpg\" alt=\"Ministro da Justi\u00e7a, Anderson Torres\"\/><figcaption>Ministro da Justi\u00e7a, Anderson Torres, tamb\u00e9m \u00e9 cotado para deixar o governo&nbsp;\/ Foto: Tom Costa \/ MJSP<\/figcaption><\/figure>\n\n\n\n<figure class=\"wp-block-image\"><img src=\"https:\/\/static.cdn.pleno.news\/2021\/11\/50514196461_8a826cb1a4_b-960x540-768x432.jpeg\" alt=\"Ministro da Casa Civil, Ciro Nogueira\"\/><figcaption>Ministro da Casa Civil, Ciro Nogueira, tamb\u00e9m \u00e9 cotado para deixar o governo&nbsp;\/ Foto: Ag\u00eancia Senado\/Marcos Oliveira<\/figcaption><\/figure>\n\n\n\n<figure class=\"wp-block-image\"><img src=\"https:\/\/static.cdn.pleno.news\/2020\/11\/fabio_faria-e1617148052453-768x457.jpg\" alt=\"Ministro das Comunica\u00e7\u00f5es, F\u00e1bio Faria\"\/><figcaption>Ministro das Comunica\u00e7\u00f5es, F\u00e1bio Faria, tamb\u00e9m \u00e9 cotado para deixar o governo&nbsp;\/ Foto: Marcelo Camargo\/Ag\u00eancia Brasil<\/figcaption><\/figure>\n\n\n\n<figure class=\"wp-block-image\"><img src=\"https:\/\/static.cdn.pleno.news\/2022\/01\/51802506672_2d25f3dde9_4k-e1641560511675-768x527.jpg\" alt=\"Ministro da Sa\u00fade, Marcelo Queiroga\"\/><figcaption>Ministro da Sa\u00fade, Marcelo Queiroga, tamb\u00e9m \u00e9 cotado para deixar o governo&nbsp;\/ Foto: MS\/Walterson Rosa<\/figcaption><\/figure>\n\n\n\n<ul><li>1&nbsp;de 13<\/li><\/ul>\n\n\n\n<p>O presidente disse ainda que tem muita esperan\u00e7a na elei\u00e7\u00e3o de Tarc\u00edsio em S\u00e3o Paulo.<\/p>\n\n\n\n<p>\u2013 Temos muita esperan\u00e7a no Tarc\u00edsio em S\u00e3o Paulo, mas todos esses aqui realmente t\u00eam chances de se eleger, porque eles j\u00e1 saem do governo mostrando alguma coisa (\u2026) Todos continuar\u00e3o at\u00e9 o dia 2 de abril \u2013 apontou.<\/p>\n\n\n\n<p>Depois, Bolsonaro ainda lembrou que o ministro da Ci\u00eancia e Tecnologia, Marcos Pontes, tamb\u00e9m ir\u00e1 disputar as elei\u00e7\u00f5es.<\/p>\n\n\n\n<p>\u2013 Tem tamb\u00e9m o Marcos Pontes, que vem para deputado federal \u2013 afirmou.<\/p>\n\n\n\n<figure class=\"wp-block-embed-youtube wp-block-embed is-type-video is-provider-youtube wp-embed-aspect-16-9 wp-has-aspect-ratio\"><div class=\"wp-block-embed__wrapper\">\n<iframe loading=\"lazy\" title=\"PR JAIR BOLSONARO FALA \u00c0 NA\u00c7\u00c3O - Live da Semana (10\/03\/22)\" width=\"630\" height=\"354\" src=\"https:\/\/www.youtube.com\/embed\/s9O03WYSi88?start=1146&#038;feature=oembed\" frameborder=\"0\" allow=\"accelerometer; autoplay; clipboard-write; encrypted-media; gyroscope; picture-in-picture\" allowfullscreen><\/iframe>\n<\/div><\/figure>\n","protected":false},"excerpt":{"rendered":"<p>Nesta quinta-feira (10), durante sua tradicional live pelas redes sociais, o presidente Jair Bolsonaro revelou quais de seus ministros ir\u00e3o deixar o governo para a disputa das elei\u00e7\u00f5es neste ano. Para ele, todos t\u00eam chance de se eleger por sa\u00edrem do governo com visibilidade. Bolsonaro come\u00e7ou citando oito ministros e a quais cargos eles pretendem [&hellip;]<\/p>\n","protected":false},"author":2,"featured_media":10730,"comment_status":"open","ping_status":"open","sticky":false,"template":"","format":"standard","meta":[],"categories":[4],"tags":[13,14],"_links":{"self":[{"href":"https:\/\/dgospel.com.br\/portal\/index.php\/wp-json\/wp\/v2\/posts\/10729"}],"collection":[{"href":"https:\/\/dgospel.com.br\/portal\/index.php\/wp-json\/wp\/v2\/posts"}],"about":[{"href":"https:\/\/dgospel.com.br\/portal\/index.php\/wp-json\/wp\/v2\/types\/post"}],"author":[{"embeddable":true,"href":"https:\/\/dgospel.com.br\/portal\/index.php\/wp-json\/wp\/v2\/users\/2"}],"replies":[{"embeddable":true,"href":"https:\/\/dgospel.com.br\/portal\/index.php\/wp-json\/wp\/v2\/comments?post=10729"}],"version-history":[{"count":1,"href":"https:\/\/dgospel.com.br\/portal\/index.php\/wp-json\/wp\/v2\/posts\/10729\/revisions"}],"predecessor-version":[{"id":10731,"href":"https:\/\/dgospel.com.br\/portal\/index.php\/wp-json\/wp\/v2\/posts\/10729\/revisions\/10731"}],"wp:featuredmedia":[{"embeddable":true,"href":"https:\/\/dgospel.com.br\/portal\/index.php\/wp-json\/wp\/v2\/media\/10730"}],"wp:attachment":[{"href":"https:\/\/dgospel.com.br\/portal\/index.php\/wp-json\/wp\/v2\/media?parent=10729"}],"wp:term":[{"taxonomy":"category","embeddable":true,"href":"https:\/\/dgospel.com.br\/portal\/index.php\/wp-json\/wp\/v2\/categories?post=10729"},{"taxonomy":"post_tag","embeddable":true,"href":"https:\/\/dgospel.com.br\/portal\/index.php\/wp-json\/wp\/v2\/tags?post=10729"}],"curies":[{"name":"wp","href":"https:\/\/api.w.org\/{rel}","templated":true}]}}