{"id":10735,"date":"2022-03-10T23:51:11","date_gmt":"2022-03-11T02:51:11","guid":{"rendered":"http:\/\/dgospel.com.br\/portal\/?p=10735"},"modified":"2022-03-10T23:51:12","modified_gmt":"2022-03-11T02:51:12","slug":"ministro-da-educacao-reitera-combate-a-ideologia-de-genero-quero-cuidar-das-criancas","status":"publish","type":"post","link":"https:\/\/dgospel.com.br\/portal\/index.php\/2022\/03\/10\/ministro-da-educacao-reitera-combate-a-ideologia-de-genero-quero-cuidar-das-criancas\/","title":{"rendered":"Ministro da Educa\u00e7\u00e3o reitera combate \u00e0 ideologia de g\u00eanero: \u2018Quero cuidar das crian\u00e7as\u2019"},"content":{"rendered":"\n<p> O pastor Milton Ribero, ministro da Educa\u00e7\u00e3o, voltou a se colocar como opositor da ideologia de g\u00eanero nas escolas p\u00fablicas brasileiras. A declara\u00e7\u00e3o, firme, foi feita na \u00faltima quarta-feira, 09 de mar\u00e7o.<\/p>\n\n\n\n<p>Durante o lan\u00e7amento de um&nbsp;<em>reality show<\/em>&nbsp;de culin\u00e1ria nas escolas, intitulado&nbsp;<em>Merendeiras do Brasil<\/em>, o ministro da Educa\u00e7\u00e3o elogiou o trabalho das merendeiras de escolas p\u00fablicas e declarou contar com elas para barrar excessos de professores militantes da ideologia de esquerda:<\/p>\n\n\n\n<p>\u201cN\u00e3o vamos permitir que a educa\u00e7\u00e3o brasileira v\u00e1 por um caminho de tentar ensinar coisa errada para as crian\u00e7as\u201d, disse o ministro.<\/p>\n\n\n\n<p>\u201cCoisa errada se aprende na rua. Dentro da escola, a gente aprende o que \u00e9 bom, o correto, o civismo, o patriotismo. [\u2026] Tenho certeza que as merendeiras, m\u00e3es, av\u00f3s est\u00e3o comigo. Eu quero cuidar das crian\u00e7as. N\u00e3o vou permitir que ningu\u00e9m violente a inoc\u00eancia das crian\u00e7as nas escolas p\u00fablicas\u201d, acrescentou Ribeiro.<\/p>\n\n\n\n<p>Em seguida, o ministro reiterou que o combate \u00e0 ideologia de g\u00eanero e derivados \u00e9 uma determina\u00e7\u00e3o clara de Jair Bolsonaro (PL): \u201cEsse \u00e9 um compromisso do nosso presidente. N\u00e3o tem esse neg\u00f3cio de ensinar \u2018voc\u00ea nasceu homem, pode ser mulher\u2019. Respeito todas as orienta\u00e7\u00f5es. Mas uma coisa \u00e9 respeitar, incentivar \u00e9 outro passo\u201d.<\/p>\n\n\n\n<p><a href=\"https:\/\/noticias.gospelmais.com.br\/pt-pressiona-investigacao-pastor-milton-ribeiro-146551.html\"><strong>Acusado de homofobia<\/strong><\/a>&nbsp;pela Procuradoria-Geral da Rep\u00fablica, por conta de seu posicionamento alinhado \u00e0 B\u00edblia Sagrada, Milton Ribeiro enfatizou que enquanto for ministro da Educa\u00e7\u00e3o combater\u00e1 a doutrina\u00e7\u00e3o ideol\u00f3gica:<\/p>\n\n\n\n<p>\u201cN\u00e3o vou permitir que, com crian\u00e7as de 6 a 10 anos, um professor chegue e diga que se ela nasceu homem, se quiser pode ser mulher. Isso eu falo publicamente, mesmo. Por isso que meu processo j\u00e1 est\u00e1 l\u00e1 no STF. N\u00e3o tenho vergonha de falar isso. N\u00e3o tenho compromisso com o erro\u201d, reiterou.<\/p>\n\n\n\n<p>Ainda durante o evento de lan\u00e7amento do programa, Ribeiro pontuou que Estado e Igreja s\u00e3o institui\u00e7\u00f5es distintas e independentes, o que forma o conceito de laicidade, e disse \u00e0s merendeiras que elas podem contribuir com a forma\u00e7\u00e3o dos alunos ao ajudarem a combater a doutrina\u00e7\u00e3o ideol\u00f3gica nas escolas: \u201cTemos que respeitar todos, nosso pa\u00eds \u00e9 laico. Mas tenho certeza que as merendeiras do Brasil, que cuidam das crian\u00e7as, tamb\u00e9m t\u00eam esse cuidado todo especial. N\u00e3o apenas com o que se come, mas com o que se aprende intelectualmente.\u201d<\/p>\n\n\n\n<h2>Elogios<\/h2>\n\n\n\n<p>O trabalho de Milton Ribeiro como ministro da Educa\u00e7\u00e3o tem sido elogiado pelo presidente da Rep\u00fablica nas reuni\u00f5es realizadas no Pal\u00e1cio do Planalto.<\/p>\n\n\n\n<p>Na \u00faltima ter\u00e7a-feira, 08 de mar\u00e7o, Bolsonaro o elogiou durante reuni\u00e3o com lideran\u00e7as evang\u00e9licas e parlamentares que representam o eleitorado crist\u00e3o: \u201cQuem esperava um dia no Minist\u00e9rio da Educa\u00e7\u00e3o termos um pastor evang\u00e9lico, como o Milton aqui do nosso lado?\u201d.<\/p>\n\n\n\n<p>O&nbsp;<em>reality show Merendeiras do Brasil<\/em>&nbsp;foi idealizado pelo MEC e ter\u00e1, ao todo, oito epis\u00f3dios. Quando as grava\u00e7\u00f5es forem conclu\u00eddas, ele ser\u00e1 transmitido aos domingos, pela&nbsp;<em>RedeTV!<\/em>, de acordo com informa\u00e7\u00f5es do portal<em><a target=\"_blank\" href=\"https:\/\/noticias.uol.com.br\/colunas\/josias-de-souza\/2022\/03\/09\/pastor-do-mec-quer-transformar-merendeiras-em-cumplices-de-sua-homofobia.htm\" rel=\"noreferrer noopener\">Uol<\/a>.<\/em><\/p>\n","protected":false},"excerpt":{"rendered":"<p>O pastor Milton Ribero, ministro da Educa\u00e7\u00e3o, voltou a se colocar como opositor da ideologia de g\u00eanero nas escolas p\u00fablicas brasileiras. A declara\u00e7\u00e3o, firme, foi feita na \u00faltima quarta-feira, 09 de mar\u00e7o. Durante o lan\u00e7amento de um&nbsp;reality show&nbsp;de culin\u00e1ria nas escolas, intitulado&nbsp;Merendeiras do Brasil, o ministro da Educa\u00e7\u00e3o elogiou o trabalho das merendeiras de escolas [&hellip;]<\/p>\n","protected":false},"author":2,"featured_media":10736,"comment_status":"open","ping_status":"open","sticky":false,"template":"","format":"standard","meta":[],"categories":[4],"tags":[13,14],"_links":{"self":[{"href":"https:\/\/dgospel.com.br\/portal\/index.php\/wp-json\/wp\/v2\/posts\/10735"}],"collection":[{"href":"https:\/\/dgospel.com.br\/portal\/index.php\/wp-json\/wp\/v2\/posts"}],"about":[{"href":"https:\/\/dgospel.com.br\/portal\/index.php\/wp-json\/wp\/v2\/types\/post"}],"author":[{"embeddable":true,"href":"https:\/\/dgospel.com.br\/portal\/index.php\/wp-json\/wp\/v2\/users\/2"}],"replies":[{"embeddable":true,"href":"https:\/\/dgospel.com.br\/portal\/index.php\/wp-json\/wp\/v2\/comments?post=10735"}],"version-history":[{"count":1,"href":"https:\/\/dgospel.com.br\/portal\/index.php\/wp-json\/wp\/v2\/posts\/10735\/revisions"}],"predecessor-version":[{"id":10737,"href":"https:\/\/dgospel.com.br\/portal\/index.php\/wp-json\/wp\/v2\/posts\/10735\/revisions\/10737"}],"wp:featuredmedia":[{"embeddable":true,"href":"https:\/\/dgospel.com.br\/portal\/index.php\/wp-json\/wp\/v2\/media\/10736"}],"wp:attachment":[{"href":"https:\/\/dgospel.com.br\/portal\/index.php\/wp-json\/wp\/v2\/media?parent=10735"}],"wp:term":[{"taxonomy":"category","embeddable":true,"href":"https:\/\/dgospel.com.br\/portal\/index.php\/wp-json\/wp\/v2\/categories?post=10735"},{"taxonomy":"post_tag","embeddable":true,"href":"https:\/\/dgospel.com.br\/portal\/index.php\/wp-json\/wp\/v2\/tags?post=10735"}],"curies":[{"name":"wp","href":"https:\/\/api.w.org\/{rel}","templated":true}]}}