{"id":10738,"date":"2022-03-11T11:53:19","date_gmt":"2022-03-11T14:53:19","guid":{"rendered":"http:\/\/dgospel.com.br\/portal\/?p=10738"},"modified":"2022-03-11T11:53:21","modified_gmt":"2022-03-11T14:53:21","slug":"vereador-rubens-uchoa-homenageia-a-missionaria-conceicao-no-dia-internacional-da-mulher","status":"publish","type":"post","link":"https:\/\/dgospel.com.br\/portal\/index.php\/2022\/03\/11\/vereador-rubens-uchoa-homenageia-a-missionaria-conceicao-no-dia-internacional-da-mulher\/","title":{"rendered":"Vereador Rubens Uch\u00f4a homenageia a mission\u00e1ria Concei\u00e7\u00e3o no Dia Internacional da Mulher"},"content":{"rendered":"\n<p>Durante Sess\u00e3o Solene, em alus\u00e3o ao Dia Internacional da\nMulher celebrado na ter\u00e7a-feira, 8 de mar\u00e7o, na C\u00e2mara Municipal de Palmas, o\nVereador Rubens Uch\u00f4a homenageou a mission\u00e1ria Maria da Silva Ribeiro (Irm\u00e3\nConcei\u00e7\u00e3o), em representa\u00e7\u00e3o a todas as mulheres de Palmas e do Tocantins<\/p>\n\n\n\n<p>Na oportunidade o parlamentar destacou que a mission\u00e1ria\nirm\u00e3 Concei\u00e7\u00e3o, \u00e9 um exemplo de mulher honrada, dedicada a Deus, \u00e0 fam\u00edlia, a\nigreja e \u00e0 comunidade. \u201cA mission\u00e1rio Concei\u00e7\u00e3o ao longo dos anos tem sido uma\nmulher muito importante para sociedade. Ao lado do seu digno esposo, pastor\nFrancisco Ribeiro Novaes, essa mulher guerreira tem dedicado seu tempo seu\ntrabalho ao pr\u00f3ximo. Tem todas as qualifica\u00e7\u00f5es para representar as mulheres de\nPalmas e do Tocantins. Uma homenagem mais que merecida\u201d, disse o vereador.<\/p>\n\n\n\n<p>Mission\u00e1ria irm\u00e3 Concei\u00e7\u00e3o \u00e9 natural de Monte Carmelo estado\nde Minas Gerais, filha de Sebasti\u00e3o Borges e Em\u00edlia Correia de Jesus, esposa do\nPastor Francisco Ribeiro Novaes, fundador da Assembleia de Deus CIADSETA na\nregi\u00e3o sul de Palmas, m\u00e3e de Sara Ribeiro Silva e Sandra Ribeiro Silva. <\/p>\n\n\n\n<p>Batalhadora e pioneira em Palmas, irm\u00e3 Concei\u00e7\u00e3o, como \u00e9\nconhecida, conviveu com as dificuldades do in\u00edcio da Capital tocantinense. Acompanhou\no crescimento e o desenvolvimento da Capital mais jovem do Brasil. <\/p>\n","protected":false},"excerpt":{"rendered":"<p>Durante Sess\u00e3o Solene, em alus\u00e3o ao Dia Internacional da Mulher celebrado na ter\u00e7a-feira, 8 de mar\u00e7o, na C\u00e2mara Municipal de Palmas, o Vereador Rubens Uch\u00f4a homenageou a mission\u00e1ria Maria da Silva Ribeiro (Irm\u00e3 Concei\u00e7\u00e3o), em representa\u00e7\u00e3o a todas as mulheres de Palmas e do Tocantins Na oportunidade o parlamentar destacou que a mission\u00e1ria irm\u00e3 Concei\u00e7\u00e3o, [&hellip;]<\/p>\n","protected":false},"author":2,"featured_media":10739,"comment_status":"open","ping_status":"open","sticky":false,"template":"","format":"standard","meta":[],"categories":[8],"tags":[],"_links":{"self":[{"href":"https:\/\/dgospel.com.br\/portal\/index.php\/wp-json\/wp\/v2\/posts\/10738"}],"collection":[{"href":"https:\/\/dgospel.com.br\/portal\/index.php\/wp-json\/wp\/v2\/posts"}],"about":[{"href":"https:\/\/dgospel.com.br\/portal\/index.php\/wp-json\/wp\/v2\/types\/post"}],"author":[{"embeddable":true,"href":"https:\/\/dgospel.com.br\/portal\/index.php\/wp-json\/wp\/v2\/users\/2"}],"replies":[{"embeddable":true,"href":"https:\/\/dgospel.com.br\/portal\/index.php\/wp-json\/wp\/v2\/comments?post=10738"}],"version-history":[{"count":1,"href":"https:\/\/dgospel.com.br\/portal\/index.php\/wp-json\/wp\/v2\/posts\/10738\/revisions"}],"predecessor-version":[{"id":10740,"href":"https:\/\/dgospel.com.br\/portal\/index.php\/wp-json\/wp\/v2\/posts\/10738\/revisions\/10740"}],"wp:featuredmedia":[{"embeddable":true,"href":"https:\/\/dgospel.com.br\/portal\/index.php\/wp-json\/wp\/v2\/media\/10739"}],"wp:attachment":[{"href":"https:\/\/dgospel.com.br\/portal\/index.php\/wp-json\/wp\/v2\/media?parent=10738"}],"wp:term":[{"taxonomy":"category","embeddable":true,"href":"https:\/\/dgospel.com.br\/portal\/index.php\/wp-json\/wp\/v2\/categories?post=10738"},{"taxonomy":"post_tag","embeddable":true,"href":"https:\/\/dgospel.com.br\/portal\/index.php\/wp-json\/wp\/v2\/tags?post=10738"}],"curies":[{"name":"wp","href":"https:\/\/api.w.org\/{rel}","templated":true}]}}