{"id":10749,"date":"2022-03-14T16:38:37","date_gmt":"2022-03-14T19:38:37","guid":{"rendered":"http:\/\/dgospel.com.br\/portal\/?p=10749"},"modified":"2022-03-14T16:38:38","modified_gmt":"2022-03-14T19:38:38","slug":"pt-e-partido-quadrilha-e-teme-o-voto-evangelico-diz-caio-coppolla","status":"publish","type":"post","link":"https:\/\/dgospel.com.br\/portal\/index.php\/2022\/03\/14\/pt-e-partido-quadrilha-e-teme-o-voto-evangelico-diz-caio-coppolla\/","title":{"rendered":"PT \u00e9 \u2018partido-quadrilha\u2019 e teme o voto evang\u00e9lico, diz Caio Coppolla"},"content":{"rendered":"\n<p> O comentarista pol\u00edtico Caio Coppolla afirmou que o maior temor do Partido dos Trabalhadores (PT) nas elei\u00e7\u00f5es presidenciais deste ano \u00e9 o voto evang\u00e9lico, j\u00e1 que esse p\u00fablico \u00e9 fiel a valores e princ\u00edpios que s\u00e3o odiados pela esquerda. <\/p>\n\n\n\n<p>Em seu programa na&nbsp;<em>Jovem Pan News<\/em>, o&nbsp;<em>Boletim Coppolla<\/em>, o comentarista resgatou um relevante fato pol\u00edtico ocorrido na \u00faltima semana, em Bras\u00edlia, que indica a falta de espa\u00e7o para que o PT negocie apoio com as lideran\u00e7as evang\u00e9licas.<\/p>\n\n\n\n<p>\u201cEssa semana, no Pal\u00e1cio da Alvorada, as principais lideran\u00e7as do pa\u00eds deram uma&nbsp;<a href=\"https:\/\/noticias.gospelmais.com.br\/combate-a-corrupcao-governo-bolsonaro-pastores-152435.html\"><strong>demonstra\u00e7\u00e3o inequ\u00edvoca e sem precedentes<\/strong><\/a>&nbsp;de apoio ao mandato e \u00e0 reelei\u00e7\u00e3o do presidente Bolsonaro\u201d, introduziu.<\/p>\n\n\n\n<p>Caio Coppolla enfatizou a dimens\u00e3o do encontro, criticando a postura de jornalistas: \u201cOrganizadores do evento divulgaram a presen\u00e7a de 180 religiosos e 105 deputados e senadores da frente parlamentar, fazendo desse o maior encontro da alta lideran\u00e7a evang\u00e9lica com o presidente da Rep\u00fablica na hist\u00f3ria. Um fato que, de t\u00e3o relevante, foi praticamente ignorado pela imprensa militante\u201d.<\/p>\n\n\n\n<p>\u201cO ato foi considerado uma resposta \u00e0&nbsp;<a href=\"https:\/\/noticias.gospelmais.com.br\/lula-petistas-momento-evangelico-radio-tv-150626.html\"><strong>tentativa desesperada<\/strong><\/a>, midi\u00e1tica, de sinalizar para o mundo evang\u00e9lico que Lula e a esquerda contam com apoio de l\u00edderes protestantes, pentecostais e neopentecostais. Mas a julgar pelo evento dessa semana, sobraram muito poucos para dar palanque, ou para dar p\u00falpito para o Lula\u201d, constatou o comentarista.<\/p>\n\n\n\n<h3>Voto evang\u00e9lico<\/h3>\n\n\n\n<p>A an\u00e1lise dos recentes passos do PT e seus filiados indica, na vis\u00e3o de Caio Coppolla, que o PT j\u00e1 concluiu que as elei\u00e7\u00f5es de 2022 podem ter o mesmo resultado registrado h\u00e1 quatro anos: o voto evang\u00e9lico sendo decisivo.<\/p>\n\n\n\n<p>\u201cEsse \u00e9 o maior medo dos petistas em 2022. Segundo a \u00faltima pesquisa do PoderData [\u2026] se dependesse apenas do voto evang\u00e9lico, Bolsonaro estaria eleito no primeiro turno. O levantamento aponta que, al\u00e9m de liderar a corrida presidencial entre os evang\u00e9licos, Bolsonaro vem ampliando a sua dist\u00e2ncia em rela\u00e7\u00e3o a Lula. Foram 10 pontos em apenas um m\u00eas\u201d, comentou.<\/p>\n\n\n\n<p>As pesquisas come\u00e7am a registrar um cen\u00e1rio realista, avaliou Coppolla: \u201cOs n\u00fameros fazem todo sentido. A esquerda brasileira defende bandeiras diametralmente opostas aos valores dos evang\u00e9licos, como a legaliza\u00e7\u00e3o do aborto e das drogas, a despenaliza\u00e7\u00e3o de crimes, a educa\u00e7\u00e3o baseada em ideologia de g\u00eanero\u201d.<\/p>\n\n\n\n<p>Nesse sentido, n\u00e3o \u00e9 surpresa que os evang\u00e9licos optem por reeleger o atual presidente, ao inv\u00e9s de oferecer quatro anos no poder ao partido marcado por casos de corrup\u00e7\u00e3o e a um ex-mandat\u00e1rio que foi condenado pelos mesmos esc\u00e2ndalos, mas teve os processos anulados pelo Supremo Tribunal Federal (STF), e endossa bandeiras que v\u00e3o contra&nbsp;<a href=\"https:\/\/noticias.gospelmais.com.br\/caio-coppolla-evangelicos-gente-generosa-150787.html\"><strong>princ\u00edpios e valores crist\u00e3os<\/strong><\/a>.<\/p>\n\n\n\n<p>\u201c\u00c9 natural que, com a proximidade das elei\u00e7\u00f5es, os fi\u00e9is v\u00e3o se conscientizando sobre essas diferen\u00e7as fundamentais entre a sua vis\u00e3o de mundo e a vis\u00e3o de mundo daqueles que s\u00f3 querem seu voto\u201d, encerrou Caio Coppolla.<\/p>\n\n\n\n<figure class=\"wp-block-embed-youtube wp-block-embed is-type-video is-provider-youtube wp-embed-aspect-16-9 wp-has-aspect-ratio\"><div class=\"wp-block-embed__wrapper\">\n<iframe loading=\"lazy\" title=\"Elei\u00e7\u00f5es 2022: o maior medo de Lula&amp;PT \u2013 Boletim Coppolla n.047 (10\/03\/2022)\" width=\"630\" height=\"354\" src=\"https:\/\/www.youtube.com\/embed\/7gel0Aj2tqw?feature=oembed\" frameborder=\"0\" allow=\"accelerometer; autoplay; clipboard-write; encrypted-media; gyroscope; picture-in-picture\" allowfullscreen><\/iframe>\n<\/div><\/figure>\n\n\n\n<p><\/p>\n","protected":false},"excerpt":{"rendered":"<p>O comentarista pol\u00edtico Caio Coppolla afirmou que o maior temor do Partido dos Trabalhadores (PT) nas elei\u00e7\u00f5es presidenciais deste ano \u00e9 o voto evang\u00e9lico, j\u00e1 que esse p\u00fablico \u00e9 fiel a valores e princ\u00edpios que s\u00e3o odiados pela esquerda. Em seu programa na&nbsp;Jovem Pan News, o&nbsp;Boletim Coppolla, o comentarista resgatou um relevante fato pol\u00edtico ocorrido [&hellip;]<\/p>\n","protected":false},"author":2,"featured_media":10750,"comment_status":"open","ping_status":"open","sticky":false,"template":"","format":"standard","meta":[],"categories":[4],"tags":[14],"_links":{"self":[{"href":"https:\/\/dgospel.com.br\/portal\/index.php\/wp-json\/wp\/v2\/posts\/10749"}],"collection":[{"href":"https:\/\/dgospel.com.br\/portal\/index.php\/wp-json\/wp\/v2\/posts"}],"about":[{"href":"https:\/\/dgospel.com.br\/portal\/index.php\/wp-json\/wp\/v2\/types\/post"}],"author":[{"embeddable":true,"href":"https:\/\/dgospel.com.br\/portal\/index.php\/wp-json\/wp\/v2\/users\/2"}],"replies":[{"embeddable":true,"href":"https:\/\/dgospel.com.br\/portal\/index.php\/wp-json\/wp\/v2\/comments?post=10749"}],"version-history":[{"count":1,"href":"https:\/\/dgospel.com.br\/portal\/index.php\/wp-json\/wp\/v2\/posts\/10749\/revisions"}],"predecessor-version":[{"id":10751,"href":"https:\/\/dgospel.com.br\/portal\/index.php\/wp-json\/wp\/v2\/posts\/10749\/revisions\/10751"}],"wp:featuredmedia":[{"embeddable":true,"href":"https:\/\/dgospel.com.br\/portal\/index.php\/wp-json\/wp\/v2\/media\/10750"}],"wp:attachment":[{"href":"https:\/\/dgospel.com.br\/portal\/index.php\/wp-json\/wp\/v2\/media?parent=10749"}],"wp:term":[{"taxonomy":"category","embeddable":true,"href":"https:\/\/dgospel.com.br\/portal\/index.php\/wp-json\/wp\/v2\/categories?post=10749"},{"taxonomy":"post_tag","embeddable":true,"href":"https:\/\/dgospel.com.br\/portal\/index.php\/wp-json\/wp\/v2\/tags?post=10749"}],"curies":[{"name":"wp","href":"https:\/\/api.w.org\/{rel}","templated":true}]}}