{"id":10755,"date":"2022-03-14T16:46:30","date_gmt":"2022-03-14T19:46:30","guid":{"rendered":"http:\/\/dgospel.com.br\/portal\/?p=10755"},"modified":"2022-03-14T16:46:31","modified_gmt":"2022-03-14T19:46:31","slug":"governo-do-tocantins-orienta-sobre-mudancas-no-auxilio-brasil","status":"publish","type":"post","link":"https:\/\/dgospel.com.br\/portal\/index.php\/2022\/03\/14\/governo-do-tocantins-orienta-sobre-mudancas-no-auxilio-brasil\/","title":{"rendered":"Governo do Tocantins orienta sobre mudan\u00e7as no Aux\u00edlio Brasil"},"content":{"rendered":"\n<p>Com proposta de informar e debater sobre as mudan\u00e7as ocorridas no Programa Aux\u00edlio Brasil (PAB), o Governo do Tocantins, por meio da Secretaria de Estado do Trabalho e Desenvolvimento Social (Setas), realizar\u00e1 nos dias 17 e 18 a Videoconfer\u00eancia Intersetorial do programa&nbsp;<em>Aux\u00edlio Brasil<\/em>. O evento ocorrer\u00e1 no dia 17, das 13h30 \u00e0s 17 horas; e no dia 18, das 8h30 \u00e0s 12h30, por meio da plataforma Google Meet.<\/p>\n\n\n\n<p>O evento \u00e9 uma a\u00e7\u00e3o da Ger\u00eancia de Prote\u00e7\u00e3o Social B\u00e1sica, Bolsa Fam\u00edlia e Benef\u00edcios, por meio da Coordena\u00e7\u00e3o Estadual Intersetorial do Programa Aux\u00edlio Brasil e o p\u00fablico-alvo \u00e9 composto por gestores do Cad\u00fanico.<\/p>\n\n\n\n<p>Segundo a gerente de Prote\u00e7\u00e3o Social B\u00e1sica, Bolsa Fam\u00edlia e Benef\u00edcios da Setas, Ra\u00edza Regina Moura Ramos, o evento contar\u00e1 com a presen\u00e7a de representantes do Minist\u00e9rio da Cidadania, Sa\u00fade e Educa\u00e7\u00e3o. \u201cParticipar\u00e3o do encontro a equipe t\u00e9cnica da Setas juntamente com equipes de demais \u00e1reas envolvidas, sa\u00fade, educa\u00e7\u00e3o e conselhos. O intuito \u00e9 que as mesmas saibam quais s\u00e3o as suas contribui\u00e7\u00f5es e suas responsabilidades com rela\u00e7\u00e3o \u00e0 gest\u00e3o do programa no munic\u00edpio\u201d.<\/p>\n\n\n\n<p>O encontro on-line permitir\u00e1, ao mesmo tempo, o compartilhamento de informa\u00e7\u00f5es e conhecimentos com intera\u00e7\u00e3o entre os participantes. \u201c\u00c9 muito importante participar, \u00e9 a hora de se informar sobre as novas regras e tirar poss\u00edveis d\u00favidas\u201d, orientou a gerente.&nbsp;&nbsp;<\/p>\n\n\n\n<p><strong>Aux\u00edlio Brasil<\/strong><\/p>\n\n\n\n<p>\u00c9 um programa de distribui\u00e7\u00e3o de renda do Governo Federal, coordenado pelo &nbsp;Minist\u00e9rio da Cidadania, que substitui o Bolsa Fam\u00edlia. No Tocantins, o&nbsp;<em>Aux\u00edlio Brasil<\/em>&nbsp;\u00e9 coordenado pelo Governo do Estado, por meio da Setas, em parceria com os munic\u00edpios.<\/p>\n","protected":false},"excerpt":{"rendered":"<p>Com proposta de informar e debater sobre as mudan\u00e7as ocorridas no Programa Aux\u00edlio Brasil (PAB), o Governo do Tocantins, por meio da Secretaria de Estado do Trabalho e Desenvolvimento Social (Setas), realizar\u00e1 nos dias 17 e 18 a Videoconfer\u00eancia Intersetorial do programa&nbsp;Aux\u00edlio Brasil. O evento ocorrer\u00e1 no dia 17, das 13h30 \u00e0s 17 horas; e [&hellip;]<\/p>\n","protected":false},"author":2,"featured_media":10756,"comment_status":"open","ping_status":"open","sticky":false,"template":"","format":"standard","meta":[],"categories":[3],"tags":[13],"_links":{"self":[{"href":"https:\/\/dgospel.com.br\/portal\/index.php\/wp-json\/wp\/v2\/posts\/10755"}],"collection":[{"href":"https:\/\/dgospel.com.br\/portal\/index.php\/wp-json\/wp\/v2\/posts"}],"about":[{"href":"https:\/\/dgospel.com.br\/portal\/index.php\/wp-json\/wp\/v2\/types\/post"}],"author":[{"embeddable":true,"href":"https:\/\/dgospel.com.br\/portal\/index.php\/wp-json\/wp\/v2\/users\/2"}],"replies":[{"embeddable":true,"href":"https:\/\/dgospel.com.br\/portal\/index.php\/wp-json\/wp\/v2\/comments?post=10755"}],"version-history":[{"count":1,"href":"https:\/\/dgospel.com.br\/portal\/index.php\/wp-json\/wp\/v2\/posts\/10755\/revisions"}],"predecessor-version":[{"id":10757,"href":"https:\/\/dgospel.com.br\/portal\/index.php\/wp-json\/wp\/v2\/posts\/10755\/revisions\/10757"}],"wp:featuredmedia":[{"embeddable":true,"href":"https:\/\/dgospel.com.br\/portal\/index.php\/wp-json\/wp\/v2\/media\/10756"}],"wp:attachment":[{"href":"https:\/\/dgospel.com.br\/portal\/index.php\/wp-json\/wp\/v2\/media?parent=10755"}],"wp:term":[{"taxonomy":"category","embeddable":true,"href":"https:\/\/dgospel.com.br\/portal\/index.php\/wp-json\/wp\/v2\/categories?post=10755"},{"taxonomy":"post_tag","embeddable":true,"href":"https:\/\/dgospel.com.br\/portal\/index.php\/wp-json\/wp\/v2\/tags?post=10755"}],"curies":[{"name":"wp","href":"https:\/\/api.w.org\/{rel}","templated":true}]}}