{"id":10764,"date":"2022-03-17T10:59:02","date_gmt":"2022-03-17T13:59:02","guid":{"rendered":"http:\/\/dgospel.com.br\/portal\/?p=10764"},"modified":"2022-03-17T10:59:03","modified_gmt":"2022-03-17T13:59:03","slug":"ciro-nogueira-ve-possibilidade-de-bolsonaro-vencer-em-1-turno","status":"publish","type":"post","link":"https:\/\/dgospel.com.br\/portal\/index.php\/2022\/03\/17\/ciro-nogueira-ve-possibilidade-de-bolsonaro-vencer-em-1-turno\/","title":{"rendered":"Ciro Nogueira v\u00ea possibilidade de Bolsonaro vencer em 1\u00b0 turno"},"content":{"rendered":"\n<p>\n\nO ministro-chefe da Casa Civil,&nbsp;<a rel=\"noreferrer noopener\" href=\"http:\/\/pleno.news\/tag\/ciro-nogueira\" target=\"_blank\">Ciro Nogueira<\/a>&nbsp;(PP), afirmou que, diante de pesquisas que ele tem em m\u00e3os, existe a possibilidade de que o presidente&nbsp;<a rel=\"noreferrer noopener\" href=\"http:\/\/pleno.news\/tag\/jair-bolsonaro\" target=\"_blank\">Jair Bolsonaro<\/a>&nbsp;(PL) possa ser reeleito ainda em primeiro turno nas elei\u00e7\u00f5es presidenciais deste ano. A afirma\u00e7\u00e3o foi feita por ele durante uma entrevista ao programa&nbsp;<em>Conversa com Bial<\/em>, da TV Globo.\n\n<\/p>\n\n\n\n<figure class=\"wp-block-image\"><img src=\"https:\/\/static.cdn.pleno.news\/2022\/02\/51737745629_26d14f0021_k-1-e1644232133394-1024x614.jpg\" alt=\"\" class=\"wp-image-890228\"\/><figcaption>Ministro-chefe da Casa Civil, Ciro Nogueira&nbsp;Foto: Casa Civil\/Benn\u00e9 Mendon\u00e7a<\/figcaption><\/figure>\n\n\n\n<p>\u2013 Eu tenho uma previs\u00e3o. Muita gente acha que, daqui a dois meses, o presidente j\u00e1 vai estar em empate com o Lula (PT). Nas conven\u00e7\u00f5es, j\u00e1 vai estar na frente. Mais perto da elei\u00e7\u00e3o, n\u00f3s vamos fazer as contas [para ver] se ele ganha no primeiro turno. Minha previs\u00e3o \u00e9 essa, pelas pesquisas que n\u00f3s temos em m\u00e3os \u2013 declarou Nogueira.<\/p>\n\n\n\n<p>O ministro ainda afirmou que tem total certeza de que Bolsonaro vencer\u00e1 a elei\u00e7\u00e3o. De acordo com o ministro-chefe da Casa Civil, existe um sentimento no Brasil de que as pessoas \u201cmerecem um segundo mandato\u201d. Questionado se aceitaria o resultado das urnas eletr\u00f4nicas seja qual for, Ciro declarou que confia nelas, mas n\u00e3o acha que elas n\u00e3o possam ser fraudadas.<\/p>\n\n\n\n<p>\u2013 Precisa haver uma vigil\u00e2ncia constante \u2013 ressaltou.<\/p>\n\n\n\n<p>Nogueira tamb\u00e9m falou sobre os motivos que fizeram a chamada \u201cterceira via\u201d at\u00e9 agora n\u00e3o ter emplacado nas pesquisas eleitorais. De acordo com ele, n\u00e3o h\u00e1 um candidato \u201ccapaz de incorporar um sentimento\u201d. Na opini\u00e3o dele, todos os nomes que se apresentaram \u201cn\u00e3o passaram confian\u00e7a\u201d.<\/p>\n\n\n\n<p>\u2013 As pessoas que se apresentaram, como Moro, n\u00e3o passaram confian\u00e7a, as pessoas sentiram um aproveitador de momento. N\u00f3s temos dois candidatos com percentual de votos muito altos e uma rejei\u00e7\u00e3o muita alta. O segundo turno j\u00e1 come\u00e7ou \u2013 completou.<br><\/p>\n","protected":false},"excerpt":{"rendered":"<p>O ministro-chefe da Casa Civil,&nbsp;Ciro Nogueira&nbsp;(PP), afirmou que, diante de pesquisas que ele tem em m\u00e3os, existe a possibilidade de que o presidente&nbsp;Jair Bolsonaro&nbsp;(PL) possa ser reeleito ainda em primeiro turno nas elei\u00e7\u00f5es presidenciais deste ano. A afirma\u00e7\u00e3o foi feita por ele durante uma entrevista ao programa&nbsp;Conversa com Bial, da TV Globo. \u2013 Eu tenho [&hellip;]<\/p>\n","protected":false},"author":2,"featured_media":10765,"comment_status":"open","ping_status":"open","sticky":false,"template":"","format":"standard","meta":[],"categories":[4],"tags":[14],"_links":{"self":[{"href":"https:\/\/dgospel.com.br\/portal\/index.php\/wp-json\/wp\/v2\/posts\/10764"}],"collection":[{"href":"https:\/\/dgospel.com.br\/portal\/index.php\/wp-json\/wp\/v2\/posts"}],"about":[{"href":"https:\/\/dgospel.com.br\/portal\/index.php\/wp-json\/wp\/v2\/types\/post"}],"author":[{"embeddable":true,"href":"https:\/\/dgospel.com.br\/portal\/index.php\/wp-json\/wp\/v2\/users\/2"}],"replies":[{"embeddable":true,"href":"https:\/\/dgospel.com.br\/portal\/index.php\/wp-json\/wp\/v2\/comments?post=10764"}],"version-history":[{"count":1,"href":"https:\/\/dgospel.com.br\/portal\/index.php\/wp-json\/wp\/v2\/posts\/10764\/revisions"}],"predecessor-version":[{"id":10766,"href":"https:\/\/dgospel.com.br\/portal\/index.php\/wp-json\/wp\/v2\/posts\/10764\/revisions\/10766"}],"wp:featuredmedia":[{"embeddable":true,"href":"https:\/\/dgospel.com.br\/portal\/index.php\/wp-json\/wp\/v2\/media\/10765"}],"wp:attachment":[{"href":"https:\/\/dgospel.com.br\/portal\/index.php\/wp-json\/wp\/v2\/media?parent=10764"}],"wp:term":[{"taxonomy":"category","embeddable":true,"href":"https:\/\/dgospel.com.br\/portal\/index.php\/wp-json\/wp\/v2\/categories?post=10764"},{"taxonomy":"post_tag","embeddable":true,"href":"https:\/\/dgospel.com.br\/portal\/index.php\/wp-json\/wp\/v2\/tags?post=10764"}],"curies":[{"name":"wp","href":"https:\/\/api.w.org\/{rel}","templated":true}]}}