{"id":10773,"date":"2022-03-17T11:30:29","date_gmt":"2022-03-17T14:30:29","guid":{"rendered":"http:\/\/dgospel.com.br\/portal\/?p=10773"},"modified":"2022-03-17T11:30:30","modified_gmt":"2022-03-17T14:30:30","slug":"com-investimentos-de-mais-de-r-26-milhoes-governador-wanderlei-barbosa-entrega-obras-de-reforma-de-tres-escolas-estaduais-no-jalapao","status":"publish","type":"post","link":"https:\/\/dgospel.com.br\/portal\/index.php\/2022\/03\/17\/com-investimentos-de-mais-de-r-26-milhoes-governador-wanderlei-barbosa-entrega-obras-de-reforma-de-tres-escolas-estaduais-no-jalapao\/","title":{"rendered":"Com investimentos de mais de R$ 2,6 milh\u00f5es, governador Wanderlei Barbosa entrega obras de reforma de tr\u00eas escolas estaduais no Jalap\u00e3o"},"content":{"rendered":"\n<p>Mais de R$ 2,6 milh\u00f5es foram investidos na reforma de tr\u00eas escolas estaduais na regi\u00e3o do Jalap\u00e3o. As obras ser\u00e3o entregues pelo governador do Tocantins, Wanderlei Barbosa, nesta sexta-feira, 18, em Mateiros, e no s\u00e1bado, 19, em S\u00e3o F\u00e9lix do Tocantins. A entrega ocorre com a presen\u00e7a de autoridades locais e da comunidade escolar.<\/p>\n\n\n\n<p>A primeira obra a ser entregue \u00e9 da Escola Estadual Estef\u00e2nio Teles das Chagas, localizada no centro de Mateiros. A inaugura\u00e7\u00e3o ser\u00e1 nesta sexta-feira, \u00e0s 9 horas. \u00c0s 15 horas, ocorre a entrega da obra da Escola Estadual Silv\u00e9rio Ribeiros de Matos, no Povoado Mumbuca, tamb\u00e9m em Mateiros.<\/p>\n\n\n\n<p>J\u00e1 a terceira obra de reforma ser\u00e1 entregue pelo Governador, neste s\u00e1bado, 19, \u00e0s 9 horas, em S\u00e3o F\u00e9lix do Tocantins, contemplando a comunidade escolar da Escola Estadual Sagrado Cora\u00e7\u00e3o de Jesus.<\/p>\n\n\n\n<p>\u201cUma das muitas incumb\u00eancias que dei ao secret\u00e1rio de Educa\u00e7\u00e3o, F\u00e1bio Vaz, \u00e9 de melhorar as estruturas das nossas escolas, reformando e ampliando. N\u00f3s precisamos dar melhores condi\u00e7\u00f5es de trabalho aos nossos professores e de estudo para os nossos alunos, para que tenham salas de estudo adequadas, bons refeit\u00f3rios e espa\u00e7o para pr\u00e1tica esportiva, e tamb\u00e9m bons equipamentos. Seja com recursos pr\u00f3prios, por meio de emendas parlamentares ou recursos federais, n\u00f3s vamos correr atr\u00e1s e vamos fazer essas obras que s\u00e3o necess\u00e1rias\u201d, destaca o governador Wanderlei Barbosa.<\/p>\n","protected":false},"excerpt":{"rendered":"<p>Mais de R$ 2,6 milh\u00f5es foram investidos na reforma de tr\u00eas escolas estaduais na regi\u00e3o do Jalap\u00e3o. As obras ser\u00e3o entregues pelo governador do Tocantins, Wanderlei Barbosa, nesta sexta-feira, 18, em Mateiros, e no s\u00e1bado, 19, em S\u00e3o F\u00e9lix do Tocantins. A entrega ocorre com a presen\u00e7a de autoridades locais e da comunidade escolar. A [&hellip;]<\/p>\n","protected":false},"author":2,"featured_media":10774,"comment_status":"open","ping_status":"open","sticky":false,"template":"","format":"standard","meta":[],"categories":[3],"tags":[13],"_links":{"self":[{"href":"https:\/\/dgospel.com.br\/portal\/index.php\/wp-json\/wp\/v2\/posts\/10773"}],"collection":[{"href":"https:\/\/dgospel.com.br\/portal\/index.php\/wp-json\/wp\/v2\/posts"}],"about":[{"href":"https:\/\/dgospel.com.br\/portal\/index.php\/wp-json\/wp\/v2\/types\/post"}],"author":[{"embeddable":true,"href":"https:\/\/dgospel.com.br\/portal\/index.php\/wp-json\/wp\/v2\/users\/2"}],"replies":[{"embeddable":true,"href":"https:\/\/dgospel.com.br\/portal\/index.php\/wp-json\/wp\/v2\/comments?post=10773"}],"version-history":[{"count":1,"href":"https:\/\/dgospel.com.br\/portal\/index.php\/wp-json\/wp\/v2\/posts\/10773\/revisions"}],"predecessor-version":[{"id":10775,"href":"https:\/\/dgospel.com.br\/portal\/index.php\/wp-json\/wp\/v2\/posts\/10773\/revisions\/10775"}],"wp:featuredmedia":[{"embeddable":true,"href":"https:\/\/dgospel.com.br\/portal\/index.php\/wp-json\/wp\/v2\/media\/10774"}],"wp:attachment":[{"href":"https:\/\/dgospel.com.br\/portal\/index.php\/wp-json\/wp\/v2\/media?parent=10773"}],"wp:term":[{"taxonomy":"category","embeddable":true,"href":"https:\/\/dgospel.com.br\/portal\/index.php\/wp-json\/wp\/v2\/categories?post=10773"},{"taxonomy":"post_tag","embeddable":true,"href":"https:\/\/dgospel.com.br\/portal\/index.php\/wp-json\/wp\/v2\/tags?post=10773"}],"curies":[{"name":"wp","href":"https:\/\/api.w.org\/{rel}","templated":true}]}}