{"id":10779,"date":"2022-03-17T11:50:37","date_gmt":"2022-03-17T14:50:37","guid":{"rendered":"http:\/\/dgospel.com.br\/portal\/?p=10779"},"modified":"2022-03-17T11:50:39","modified_gmt":"2022-03-17T14:50:39","slug":"38o-congresso-internacional-de-missoes-dos-gideoes-missionarios-e-adiado","status":"publish","type":"post","link":"https:\/\/dgospel.com.br\/portal\/index.php\/2022\/03\/17\/38o-congresso-internacional-de-missoes-dos-gideoes-missionarios-e-adiado\/","title":{"rendered":"38\u00ba Congresso Internacional de Miss\u00f5es dos Gide\u00f5es Mission\u00e1rios \u00e9 adiado"},"content":{"rendered":"\n<p>O&nbsp;38\u00ba Congresso Internacional de Miss\u00f5es dos Gide\u00f5es\nMission\u00e1rios da \u00daltima Hora, que aconteceria nos pr\u00f3ximos dias 23 de abril a 02\nde maio, no Gin\u00e1sio Irineu Bornhausen e no Pavilh\u00e3o dos Gide\u00f5es, em Cambori\u00fa\n(SC), ser\u00e1 realizado em uma nova data.<\/p>\n\n\n\n<p>Nesta quinta-feira (10), o pastor Zilmar Melqu\u00edades Miguel,\npresidente dos Gide\u00f5es e da Assembleia de Deus em Cambori\u00fa concedeu uma\nentrevista exclusiva \u00e0&nbsp;TV CPAD&nbsp;e contou detalhes da decis\u00e3o&nbsp;<em>(assista\nao final da mat\u00e9ria).<\/em><\/p>\n\n\n\n<p>O evento com tema<em>&nbsp;\u201cGide\u00f5es, h\u00e1 milhares clamando por\nsalva\u00e7\u00e3o, avivamento e milagres. Isso n\u00e3o vos comove?\u201d,<\/em>&nbsp;tem o\napoio da&nbsp;<em>Casa\nPublicadora das Assembleias de Deus (CPAD),<\/em>&nbsp;e \u00e9 totalmente\ngratuito.<\/p>\n\n\n\n<p>Os&nbsp;<em>Gide\u00f5es Mission\u00e1rios<\/em>&nbsp;tem por objetivo\nprincipal a divulga\u00e7\u00e3o do Evangelho de Cristo no Brasil e no mundo.<\/p>\n\n\n\n<p><strong>Assista abaixo, a entrevista na \u00edntegra:<\/strong><\/p>\n\n\n\n<figure class=\"wp-block-embed-youtube wp-block-embed is-type-video is-provider-youtube wp-embed-aspect-16-9 wp-has-aspect-ratio\"><div class=\"wp-block-embed__wrapper\">\n<iframe loading=\"lazy\" title=\"CPAD News 212 - Exclusivo! Congresso dos Gide\u00f5es \u00e9 adiado - Entrevista com o Pr. Zilmar Miguel\" width=\"630\" height=\"354\" src=\"https:\/\/www.youtube.com\/embed\/UBPVA8PyRt8?start=115&#038;feature=oembed\" frameborder=\"0\" allow=\"accelerometer; autoplay; clipboard-write; encrypted-media; gyroscope; picture-in-picture\" allowfullscreen><\/iframe>\n<\/div><\/figure>\n","protected":false},"excerpt":{"rendered":"<p>O&nbsp;38\u00ba Congresso Internacional de Miss\u00f5es dos Gide\u00f5es Mission\u00e1rios da \u00daltima Hora, que aconteceria nos pr\u00f3ximos dias 23 de abril a 02 de maio, no Gin\u00e1sio Irineu Bornhausen e no Pavilh\u00e3o dos Gide\u00f5es, em Cambori\u00fa (SC), ser\u00e1 realizado em uma nova data. Nesta quinta-feira (10), o pastor Zilmar Melqu\u00edades Miguel, presidente dos Gide\u00f5es e da Assembleia [&hellip;]<\/p>\n","protected":false},"author":2,"featured_media":10780,"comment_status":"open","ping_status":"open","sticky":false,"template":"","format":"standard","meta":[],"categories":[5],"tags":[],"_links":{"self":[{"href":"https:\/\/dgospel.com.br\/portal\/index.php\/wp-json\/wp\/v2\/posts\/10779"}],"collection":[{"href":"https:\/\/dgospel.com.br\/portal\/index.php\/wp-json\/wp\/v2\/posts"}],"about":[{"href":"https:\/\/dgospel.com.br\/portal\/index.php\/wp-json\/wp\/v2\/types\/post"}],"author":[{"embeddable":true,"href":"https:\/\/dgospel.com.br\/portal\/index.php\/wp-json\/wp\/v2\/users\/2"}],"replies":[{"embeddable":true,"href":"https:\/\/dgospel.com.br\/portal\/index.php\/wp-json\/wp\/v2\/comments?post=10779"}],"version-history":[{"count":1,"href":"https:\/\/dgospel.com.br\/portal\/index.php\/wp-json\/wp\/v2\/posts\/10779\/revisions"}],"predecessor-version":[{"id":10781,"href":"https:\/\/dgospel.com.br\/portal\/index.php\/wp-json\/wp\/v2\/posts\/10779\/revisions\/10781"}],"wp:featuredmedia":[{"embeddable":true,"href":"https:\/\/dgospel.com.br\/portal\/index.php\/wp-json\/wp\/v2\/media\/10780"}],"wp:attachment":[{"href":"https:\/\/dgospel.com.br\/portal\/index.php\/wp-json\/wp\/v2\/media?parent=10779"}],"wp:term":[{"taxonomy":"category","embeddable":true,"href":"https:\/\/dgospel.com.br\/portal\/index.php\/wp-json\/wp\/v2\/categories?post=10779"},{"taxonomy":"post_tag","embeddable":true,"href":"https:\/\/dgospel.com.br\/portal\/index.php\/wp-json\/wp\/v2\/tags?post=10779"}],"curies":[{"name":"wp","href":"https:\/\/api.w.org\/{rel}","templated":true}]}}