{"id":10782,"date":"2022-03-18T10:47:59","date_gmt":"2022-03-18T13:47:59","guid":{"rendered":"http:\/\/dgospel.com.br\/portal\/?p=10782"},"modified":"2022-03-18T10:48:00","modified_gmt":"2022-03-18T13:48:00","slug":"nova-presidente-da-hungria-diz-que-governa-inspirada-na-biblia-o-poder-e-de-deus","status":"publish","type":"post","link":"https:\/\/dgospel.com.br\/portal\/index.php\/2022\/03\/18\/nova-presidente-da-hungria-diz-que-governa-inspirada-na-biblia-o-poder-e-de-deus\/","title":{"rendered":"Nova presidente da Hungria diz que governa inspirada na B\u00edblia: \u2018O poder \u00e9 de Deus\u2019"},"content":{"rendered":"\n<p><a href=\"https:\/\/www.guiame.com.br\/gospel\/mundo-cristao\/hungria-afirma-que-mae-e-mulher-e-pai-e-homem-e-causa-indignacao-nos-lideres-da-ue.html\"><strong>Katalin Nov\u00e1k&nbsp;<\/strong><\/a>foi eleita a primeira mulher presidente da Hungria na \u00faltima quinta-feira (10), ap\u00f3s ganhar a vota\u00e7\u00e3o no parlamento h\u00fangaro.<\/p>\n\n\n\n<p>Nov\u00e1k, 44 anos, \u00e9 uma leal defensora da agenda conservadora, assim como o primeiro-ministro&nbsp;<a href=\"https:\/\/www.guiame.com.br\/gospel\/noticias\/hungria-define-familia-como-uniao-entre-homem-e-mulher-e-limita-adocao-por-casais-gays.html\"><strong>Viktor Orb\u00e1n<\/strong><\/a>, tendo servido como ministra da Juventude e Fam\u00edlia da Hungria at\u00e9 2021.<\/p>\n\n\n<p><!--EndFragment--><br \/><br \/><\/p>\n\n\n<figure class=\"wp-block-image\"><img src=\"https:\/\/thumbor.guiame.com.br\/unsafe\/840x500\/http:\/\/media.guiame.com.br\/archives\/2022\/03\/17\/388078535-katalin-novak.jpeg\" alt=\"Primeira mulher eleita presidente da Hungria \u00e9 crist\u00e3. (Foto: Twitter\/Katalin Nov\u00e1k)\"\/><figcaption>Primeira mulher eleita presidente da Hungria \u00e9 crist\u00e3. (Foto: Twitter\/Katalin Nov\u00e1k)<\/figcaption><\/figure>\n\n\n\n<p>\u201cMe ajude, Deus\u201d, disse Nov\u00e1k depois de ganhar o apoio dos parlamentares com 137 votos, vencendo seu opositor, o economista, P\u00e9ter R\u00f3na, com apenas 51.<\/p>\n\n\n\n<p>Em um artigo ao site All Israel, o autor e conselheiro pol\u00edtico Risto Huvila descreveu como Nov\u00e1k \u00e9 inspirada pela \u201cpaix\u00e3o pelas fam\u00edlias\u201d e a cren\u00e7a na Palavra de Deus.<\/p>\n\n\n\n<p>Durante uma conversa com Huvila no Caf\u00e9 da Manh\u00e3 Nacional de Ora\u00e7\u00e3o promovido na Hungria, Nov\u00e1k falou sobre sua luta para implementar a pol\u00edtica crist\u00e3 para as fam\u00edlias em seu pa\u00eds.<\/p>\n\n\n\n<p>\u201cSim, ouvimos [cr\u00edticas] de todo o lado. Mas se pensarmos na B\u00edblia, a decis\u00e3o certa nem sempre \u00e9 reconhecida no mesmo momento\u201d, disse ela a Huvila para a TV7, um canal crist\u00e3o finland\u00eas. \u201cSe tivermos em mente a eternidade, n\u00e3o precisamos nos preocupar tanto com as cr\u00edticas que recebemos.\u201d<\/p>\n\n\n\n<p>Como crist\u00e3, Nov\u00e1k revela que passou a colocar a ora\u00e7\u00e3o como uma prioridade em sua agenda di\u00e1ria.<\/p>\n\n\n\n<p>\u201cN\u00e3o foi muito f\u00e1cil come\u00e7ar a ler a B\u00edblia todos os dias, mas j\u00e1 fa\u00e7o isso h\u00e1 muito tempo. Come\u00e7o meu dia com a B\u00edblia e tenho uma sensa\u00e7\u00e3o de seguran\u00e7a com ela\u201d, disse. \u201cA B\u00edblia nos lembra todos os dias que a nossa terra n\u00e3o pertence a n\u00f3s, mas a Deus, e o poder n\u00e3o pertence a n\u00f3s, mas a Ele. Nem devemos nos orgulhar de nossas realiza\u00e7\u00f5es, mas Ele tamb\u00e9m merece cr\u00e9dito.\u201d<\/p>\n\n\n\n<p>Ela acrescentou: \u201cSe eu me lembrar dessas coisas todos os dias, espero tomar decis\u00f5es melhores.\u201d<\/p>\n\n\n\n<p><strong>Li\u00e7\u00f5es do &#8220;Pai Nosso&#8221;<\/strong><\/p>\n\n\n\n<p>Em uma entrevista publicada em 22 de novembro no site de not\u00edcias da Igreja Reformada H\u00fangara, Nov\u00e1k descreveu sua atitude em rela\u00e7\u00e3o ao seu posto no governo.<\/p>\n\n\n\n<p>\u201cDesde que passei a ocupar um cargo p\u00fablico, a relev\u00e2ncia e o significado da Ora\u00e7\u00e3o do Pai Nosso mudou. No final da ora\u00e7\u00e3o dizemos &#8216;pois Teu \u00e9 o reino, o poder e a gl\u00f3ria&#8217;, mas muitas vezes a \u00eanfase est\u00e1 nas palavras &#8216;reino&#8217;, &#8216;poder&#8217; e &#8216;gl\u00f3ria&#8217; quando deveria estar no &#8216;Teu&#8217;\u201d, Nov\u00e1k observou.&nbsp;<\/p>\n\n\n\n<p>\u201cToda vez que fa\u00e7o a Ora\u00e7\u00e3o do Pai Nosso, este \u00e9 o momento em que percebo que o reino, o poder e a gl\u00f3ria n\u00e3o s\u00e3o meus, nem nossos, mas de Deus. Tamb\u00e9m fica claro na declara\u00e7\u00e3o que o poder, of\u00edcio e mandado s\u00e3o dados pela gra\u00e7a. Essa percep\u00e7\u00e3o me d\u00e1 for\u00e7a, energia, uma verdadeira sensa\u00e7\u00e3o de seguran\u00e7a\u201d, acrescentou.&nbsp;<\/p>\n\n\n\n<p>Nov\u00e1k ent\u00e3o continuou: \u201cSei que o Reino pertence a Deus, mas isso n\u00e3o me torna inativa, mas me liberta, porque tenho a oportunidade de participar como serva em Seu reino. Isso d\u00e1 sentido ao meu trabalho e \u00e0 minha vida.\u201d<\/p>\n","protected":false},"excerpt":{"rendered":"<p>Katalin Nov\u00e1k&nbsp;foi eleita a primeira mulher presidente da Hungria na \u00faltima quinta-feira (10), ap\u00f3s ganhar a vota\u00e7\u00e3o no parlamento h\u00fangaro. Nov\u00e1k, 44 anos, \u00e9 uma leal defensora da agenda conservadora, assim como o primeiro-ministro&nbsp;Viktor Orb\u00e1n, tendo servido como ministra da Juventude e Fam\u00edlia da Hungria at\u00e9 2021. \u201cMe ajude, Deus\u201d, disse Nov\u00e1k depois de ganhar [&hellip;]<\/p>\n","protected":false},"author":2,"featured_media":10783,"comment_status":"open","ping_status":"open","sticky":false,"template":"","format":"standard","meta":[],"categories":[5,1],"tags":[],"_links":{"self":[{"href":"https:\/\/dgospel.com.br\/portal\/index.php\/wp-json\/wp\/v2\/posts\/10782"}],"collection":[{"href":"https:\/\/dgospel.com.br\/portal\/index.php\/wp-json\/wp\/v2\/posts"}],"about":[{"href":"https:\/\/dgospel.com.br\/portal\/index.php\/wp-json\/wp\/v2\/types\/post"}],"author":[{"embeddable":true,"href":"https:\/\/dgospel.com.br\/portal\/index.php\/wp-json\/wp\/v2\/users\/2"}],"replies":[{"embeddable":true,"href":"https:\/\/dgospel.com.br\/portal\/index.php\/wp-json\/wp\/v2\/comments?post=10782"}],"version-history":[{"count":1,"href":"https:\/\/dgospel.com.br\/portal\/index.php\/wp-json\/wp\/v2\/posts\/10782\/revisions"}],"predecessor-version":[{"id":10784,"href":"https:\/\/dgospel.com.br\/portal\/index.php\/wp-json\/wp\/v2\/posts\/10782\/revisions\/10784"}],"wp:featuredmedia":[{"embeddable":true,"href":"https:\/\/dgospel.com.br\/portal\/index.php\/wp-json\/wp\/v2\/media\/10783"}],"wp:attachment":[{"href":"https:\/\/dgospel.com.br\/portal\/index.php\/wp-json\/wp\/v2\/media?parent=10782"}],"wp:term":[{"taxonomy":"category","embeddable":true,"href":"https:\/\/dgospel.com.br\/portal\/index.php\/wp-json\/wp\/v2\/categories?post=10782"},{"taxonomy":"post_tag","embeddable":true,"href":"https:\/\/dgospel.com.br\/portal\/index.php\/wp-json\/wp\/v2\/tags?post=10782"}],"curies":[{"name":"wp","href":"https:\/\/api.w.org\/{rel}","templated":true}]}}