{"id":10785,"date":"2022-03-18T18:11:52","date_gmt":"2022-03-18T21:11:52","guid":{"rendered":"http:\/\/dgospel.com.br\/portal\/?p=10785"},"modified":"2022-03-18T18:11:52","modified_gmt":"2022-03-18T21:11:52","slug":"louvorzao-93-acontece-em-abril-e-ja-tem-23-atracoes-confirmadas","status":"publish","type":"post","link":"https:\/\/dgospel.com.br\/portal\/index.php\/2022\/03\/18\/louvorzao-93-acontece-em-abril-e-ja-tem-23-atracoes-confirmadas\/","title":{"rendered":"Louvorz\u00e3o 93 acontece em abril e j\u00e1 tem 23 atra\u00e7\u00f5es confirmadas"},"content":{"rendered":"\n<p>O<em>&nbsp;Louvorz\u00e3o 93<\/em>, um dos maiores eventos gospel do pa\u00eds, reunir\u00e1 grandes nomes da m\u00fasica evang\u00e9lica no Rio de Janeiro. A maratona de shows, realizada pela MK Music e pela R\u00e1dio 93 FM, acontecer\u00e1 no dia 15 de abril, feriado de Sexta-feira Santa.<\/p>\n\n\n\n<p>O evento ser\u00e1 realizado com grandes nomes da m\u00fasica evang\u00e9lica na Quinta da Boa Vista, no bairro de S\u00e3o Crist\u00f3v\u00e3o, Zona Norte do Rio de Janeiro. At\u00e9 agora s\u00e3o 23 atra\u00e7\u00f5es confirmadas: Aline Barros, Anderson Freire, Bruna Karla, Cassiane, Delino Mar\u00e7al, Elaine Martins, Elizeu Alves, Eurice Diniz, Fabiana Sinfr\u00f4nio, Fernanda Brum, Gabriel Guedes, Gisele Nascimento, Jozyanne, Kleber Lucas, L\u00e9a Mendon\u00e7a, Midian Lima, Paulo Neto, Pr. Lucas, Samuel Messias, Samuel Miranda, Sophia Vit\u00f3ria, Valesca Mayssa e Wilian Nascimento.<\/p>\n\n\n\n<p>V\u00e1rias surpresas est\u00e3o sendo preparadas para o evento e a expectativa \u00e9 de que o p\u00fablico seja muito impactado com cada uma delas. O palco projetado contar\u00e1 com uma estrutura in\u00e9dita de ilumina\u00e7\u00e3o e proje\u00e7\u00e3o de imagens, com a proposta de causar uma experi\u00eancia imersiva nos shows.<\/p>\n\n\n\n<p>\u2013 A gente quer levar a Palavra de Deus por meio da m\u00fasica, da alegria! Adorar a Deus e fazer uma festa que o c\u00e9u des\u00e7a na Quinta da Boa Vista. Que as pessoas voltem a viver com esperan\u00e7a na Palavra de Deus \u2013 afirma Andrea Maier, diretora da R\u00e1dio 93 FM.<\/p>\n\n\n\n<figure class=\"wp-block-image\"><img src=\"https:\/\/static.cdn.pleno.news\/2022\/03\/WhatsApp-Image-2022-03-17-at-13.44.57-2-1024x683.jpeg\" alt=\"\" class=\"wp-image-914638\"\/><figcaption>Em 2014, o evento reuniu milhares de pessoas&nbsp;Foto: Divulga\u00e7\u00e3o\/Samuel Santos<\/figcaption><\/figure>\n\n\n\n<p>De acordo com a diretora da R\u00e1dio 93, a nova edi\u00e7\u00e3o ser\u00e1 emblem\u00e1tica e trar\u00e1 em sua ess\u00eancia o legado deixado pelo senador Arolde de Oliveira, fundador do Grupo MK de Comunica\u00e7\u00e3o, o maior conglomerado de comunica\u00e7\u00e3o gospel do Brasil.<\/p>\n\n\n\n<p>O&nbsp;<em>Louvorz\u00e3o 93<\/em>&nbsp;conta com patroc\u00ednios: Facility, Light, Secretaria de Cultura e Economia Criativa, Governo do Estado do Rio de Janeiro. Apoio: Brasil Autom\u00f3veis. Realiza\u00e7\u00e3o: MK Music e R\u00e1dio 93 FM.<\/p>\n\n\n\n<p><strong>SERVI\u00c7O<br><\/strong><em>Louvorz\u00e3o 93 FM<br><\/em>Data: 15 de abril \u00e0s 14h<br>Local: Quinta da Boa Vista (Av. Pedro II, s\/n \u2013 S\u00e3o Crist\u00f3v\u00e3o\/RJ)<\/p>\n\n\n\n<p><strong>CONFIRMADOS<\/strong><br>Aline Barros,<br>Anderson Freire,<br>Bruna Karla,<br>Cassiane,<br>Delino Mar\u00e7al,<br>Elaine Martins,<br>Elizeu Alves,<br>Eurice Diniz,<br>Fabiana Sinfr\u00f4nio,<br>Fernanda Brum,<br>Gabriel Guedes,<br>Gisele Nascimento,<br>Jozyanne,<br>Kleber Lucas,<br>L\u00e9a Mendon\u00e7a,<br>Midian Lima,<br>Paulo Neto,<br>Pr. Lucas,<br>Samuel Messias,<br>Samuel Miranda,<br>Sophia Vit\u00f3ria,<br>Valesca Mayssa,<br>Wilian Nascimento.<\/p>\n","protected":false},"excerpt":{"rendered":"<p>O&nbsp;Louvorz\u00e3o 93, um dos maiores eventos gospel do pa\u00eds, reunir\u00e1 grandes nomes da m\u00fasica evang\u00e9lica no Rio de Janeiro. A maratona de shows, realizada pela MK Music e pela R\u00e1dio 93 FM, acontecer\u00e1 no dia 15 de abril, feriado de Sexta-feira Santa. O evento ser\u00e1 realizado com grandes nomes da m\u00fasica evang\u00e9lica na Quinta da [&hellip;]<\/p>\n","protected":false},"author":2,"featured_media":10786,"comment_status":"open","ping_status":"open","sticky":false,"template":"","format":"standard","meta":[],"categories":[17,5],"tags":[],"_links":{"self":[{"href":"https:\/\/dgospel.com.br\/portal\/index.php\/wp-json\/wp\/v2\/posts\/10785"}],"collection":[{"href":"https:\/\/dgospel.com.br\/portal\/index.php\/wp-json\/wp\/v2\/posts"}],"about":[{"href":"https:\/\/dgospel.com.br\/portal\/index.php\/wp-json\/wp\/v2\/types\/post"}],"author":[{"embeddable":true,"href":"https:\/\/dgospel.com.br\/portal\/index.php\/wp-json\/wp\/v2\/users\/2"}],"replies":[{"embeddable":true,"href":"https:\/\/dgospel.com.br\/portal\/index.php\/wp-json\/wp\/v2\/comments?post=10785"}],"version-history":[{"count":1,"href":"https:\/\/dgospel.com.br\/portal\/index.php\/wp-json\/wp\/v2\/posts\/10785\/revisions"}],"predecessor-version":[{"id":10787,"href":"https:\/\/dgospel.com.br\/portal\/index.php\/wp-json\/wp\/v2\/posts\/10785\/revisions\/10787"}],"wp:featuredmedia":[{"embeddable":true,"href":"https:\/\/dgospel.com.br\/portal\/index.php\/wp-json\/wp\/v2\/media\/10786"}],"wp:attachment":[{"href":"https:\/\/dgospel.com.br\/portal\/index.php\/wp-json\/wp\/v2\/media?parent=10785"}],"wp:term":[{"taxonomy":"category","embeddable":true,"href":"https:\/\/dgospel.com.br\/portal\/index.php\/wp-json\/wp\/v2\/categories?post=10785"},{"taxonomy":"post_tag","embeddable":true,"href":"https:\/\/dgospel.com.br\/portal\/index.php\/wp-json\/wp\/v2\/tags?post=10785"}],"curies":[{"name":"wp","href":"https:\/\/api.w.org\/{rel}","templated":true}]}}