{"id":10792,"date":"2022-03-21T12:16:16","date_gmt":"2022-03-21T15:16:16","guid":{"rendered":"http:\/\/dgospel.com.br\/portal\/?p=10792"},"modified":"2022-03-21T12:16:17","modified_gmt":"2022-03-21T15:16:17","slug":"ciro-nogueira-rebate-declaracao-de-lula-esqueceu-do-mensalao","status":"publish","type":"post","link":"https:\/\/dgospel.com.br\/portal\/index.php\/2022\/03\/21\/ciro-nogueira-rebate-declaracao-de-lula-esqueceu-do-mensalao\/","title":{"rendered":"Ciro Nogueira rebate declara\u00e7\u00e3o de Lula: \u2018Esqueceu do mensal\u00e3o?\u2019"},"content":{"rendered":"\n<p>O ministro da Casa Civil,&nbsp;<a href=\"https:\/\/pleno.news\/tag\/ciro-nogueira\" target=\"_blank\" rel=\"noreferrer noopener\">Ciro Nogueira<\/a>, usou as redes sociais, neste domingo (20), para rebater uma declara\u00e7\u00e3o feita pelo ex-presidente&nbsp;<a href=\"https:\/\/pleno.news\/tag\/lula\" target=\"_blank\" rel=\"noreferrer noopener\">Lula<\/a>&nbsp;(PT). Citando o esc\u00e2ndalo do mensal\u00e3o, o ministro respondeu cr\u00edticas do ex-presidente ao Congresso Nacional e ao presidente da C\u00e2mara, Arthur Lira (PP-AL).<\/p>\n\n\n\n<p>\u2013 Congresso deformado? Pior da Hist\u00f3ria? Esqueceu do Mensal\u00e3o? Nunca, na hist\u00f3ria deste pa\u00eds, C\u00e2mara, Senado e um governo, do presidente Bolsonaro, se relacionaram tantos anos sem nenhum esc\u00e2ndalo de corrup\u00e7\u00e3o. O povo conhece o presente e n\u00e3o esquece o passado \u2013 publicou.<\/p>\n\n\n\n<p>No s\u00e1bado (19), o ex-presidente da Rep\u00fablica afirmou, durante um evento com apoiadores do Movimento dos Trabalhadores Rurais Sem Terra (MST), no Paran\u00e1, que o Congresso Nacional \u201cnunca esteve t\u00e3o deformado\u201d. Lula questionou ainda o estabelecimento de uma comiss\u00e3o para discutir o semipresidencialismo.<\/p>\n\n\n\n<p>\u2013 O Congresso Nacional nunca esteve t\u00e3o deformado como est\u00e1 agora. Nunca esteve t\u00e3o antipovo, t\u00e3o submisso aos interesses antinacionais. \u00c9 talvez o pior Congresso que j\u00e1 tivemos na hist\u00f3ria do Brasil \u2013 disse Lula.<\/p>\n\n\n\n<p>*Com informa\u00e7\u00f5es AE<\/p>\n","protected":false},"excerpt":{"rendered":"<p>O ministro da Casa Civil,&nbsp;Ciro Nogueira, usou as redes sociais, neste domingo (20), para rebater uma declara\u00e7\u00e3o feita pelo ex-presidente&nbsp;Lula&nbsp;(PT). Citando o esc\u00e2ndalo do mensal\u00e3o, o ministro respondeu cr\u00edticas do ex-presidente ao Congresso Nacional e ao presidente da C\u00e2mara, Arthur Lira (PP-AL). \u2013 Congresso deformado? Pior da Hist\u00f3ria? Esqueceu do Mensal\u00e3o? Nunca, na hist\u00f3ria deste [&hellip;]<\/p>\n","protected":false},"author":2,"featured_media":10793,"comment_status":"open","ping_status":"open","sticky":false,"template":"","format":"standard","meta":[],"categories":[4],"tags":[14],"_links":{"self":[{"href":"https:\/\/dgospel.com.br\/portal\/index.php\/wp-json\/wp\/v2\/posts\/10792"}],"collection":[{"href":"https:\/\/dgospel.com.br\/portal\/index.php\/wp-json\/wp\/v2\/posts"}],"about":[{"href":"https:\/\/dgospel.com.br\/portal\/index.php\/wp-json\/wp\/v2\/types\/post"}],"author":[{"embeddable":true,"href":"https:\/\/dgospel.com.br\/portal\/index.php\/wp-json\/wp\/v2\/users\/2"}],"replies":[{"embeddable":true,"href":"https:\/\/dgospel.com.br\/portal\/index.php\/wp-json\/wp\/v2\/comments?post=10792"}],"version-history":[{"count":1,"href":"https:\/\/dgospel.com.br\/portal\/index.php\/wp-json\/wp\/v2\/posts\/10792\/revisions"}],"predecessor-version":[{"id":10794,"href":"https:\/\/dgospel.com.br\/portal\/index.php\/wp-json\/wp\/v2\/posts\/10792\/revisions\/10794"}],"wp:featuredmedia":[{"embeddable":true,"href":"https:\/\/dgospel.com.br\/portal\/index.php\/wp-json\/wp\/v2\/media\/10793"}],"wp:attachment":[{"href":"https:\/\/dgospel.com.br\/portal\/index.php\/wp-json\/wp\/v2\/media?parent=10792"}],"wp:term":[{"taxonomy":"category","embeddable":true,"href":"https:\/\/dgospel.com.br\/portal\/index.php\/wp-json\/wp\/v2\/categories?post=10792"},{"taxonomy":"post_tag","embeddable":true,"href":"https:\/\/dgospel.com.br\/portal\/index.php\/wp-json\/wp\/v2\/tags?post=10792"}],"curies":[{"name":"wp","href":"https:\/\/api.w.org\/{rel}","templated":true}]}}