{"id":10798,"date":"2022-03-21T12:29:17","date_gmt":"2022-03-21T15:29:17","guid":{"rendered":"http:\/\/dgospel.com.br\/portal\/?p=10798"},"modified":"2022-03-21T12:29:17","modified_gmt":"2022-03-21T15:29:17","slug":"policia-militar-divulga-edital-de-selecao-para-admissao-especial-de-militares","status":"publish","type":"post","link":"https:\/\/dgospel.com.br\/portal\/index.php\/2022\/03\/21\/policia-militar-divulga-edital-de-selecao-para-admissao-especial-de-militares\/","title":{"rendered":"Pol\u00edcia Militar divulga edital de sele\u00e7\u00e3o para admiss\u00e3o especial de militares"},"content":{"rendered":"\n<p>Pol\u00edcia Militar do Tocantins (PMTO), torna p\u00fablico o Edital n\u00b0 001\/2022, de sele\u00e7\u00e3o para forma\u00e7\u00e3o de cadastro para a admiss\u00e3o especial de militares da reserva remunerada da PMTO.<\/p>\n\n\n\n<p>Para participar da sele\u00e7\u00e3o, o candidato deve ser policial militar da reserva remunerada, com proventos integrais da PMTO; ter idade m\u00e1xima at\u00e9 59 anos; ter passado para a reserva remunerada, no m\u00ednimo, com comportamento bom, e apresentar os documentos obrigat\u00f3rios listados em edital.&nbsp;<\/p>\n\n\n\n<p>O processo seletivo para forma\u00e7\u00e3o do cadastro compreender\u00e1 cinco etapas: inscri\u00e7\u00e3o entre os dias 21 de mar\u00e7o e 4 de abril, exclusivamente via e-mail; avalia\u00e7\u00e3o de sa\u00fade; exame de capacidade f\u00edsica, investiga\u00e7\u00e3o social e parecer do Comandante-Geral. A \u00faltima etapa consiste na convoca\u00e7\u00e3o dos militares de acordo com a necessidade e conveni\u00eancia da administra\u00e7\u00e3o militar.<\/p>\n\n\n\n<p>O resultado final da sele\u00e7\u00e3o para forma\u00e7\u00e3o de cadastro ser\u00e1 elaborado pela comiss\u00e3o, e ap\u00f3s ser\u00e1 homologado pelo Comandante-Geral da PMTO e publicado no Di\u00e1rio Oficial do Estado (DOE).<\/p>\n\n\n\n<p>Ap\u00f3s efetiva\u00e7\u00e3o do cadastro, a corpora\u00e7\u00e3o realizar\u00e1 o processo de avalia\u00e7\u00e3o do militar, de acordo com a \u00e1rea afim a ser suprida, e ap\u00f3s as etapas de avalia\u00e7\u00e3o e treinamento, os militares cadastrados e aptos no processo seletivo ser\u00e3o relacionados e ficar\u00e3o sujeitos a convoca\u00e7\u00e3o especial do Comandante-Geral e posterior admiss\u00e3o por ato do Chefe do Poder Executivo, a ser publicado em di\u00e1rio oficial do Estado, para atuar em \u00f3rg\u00e3os da PMTO, ou para atuar por cess\u00e3o a outros poderes ou \u00f3rg\u00e3o da administra\u00e7\u00e3o direta ou indireta, por meio de conv\u00eanio, coopera\u00e7\u00e3o ou parceria, de acordo com os termos da lei.&nbsp;<\/p>\n\n\n\n<p>Para o comandante-geral da PMTO, coronel Julio Manoel da Silva Neto, &#8220;a publica\u00e7\u00e3o deste edital de sele\u00e7\u00e3o \u00e9 mais um ganho para a Corpora\u00e7\u00e3o e para muitos policiais militares nossos que hoje est\u00e3o na reserva remunerada da PMTO, mas disp\u00f5em de boas condi\u00e7\u00f5es f\u00edsicas e de sa\u00fade, al\u00e9m de qualifica\u00e7\u00e3o t\u00e9cnica para desempenhar com qualidade atividades administrativas da Corpora\u00e7\u00e3o, nos permitindo otimizar o nosso efetivo da ativa para atividades estritamente operacionais, permitindo assim uma maior cobertura de policiamento e maior seguran\u00e7a para a nossa popula\u00e7\u00e3o&#8221;, destacou o Comandante-Geral.<\/p>\n\n\n\n<p><strong>Legisla\u00e7\u00e3o<\/strong><\/p>\n\n\n\n<p>A admiss\u00e3o especial de militares da Reserva Remunerada est\u00e1 prevista na Lei Estadual n\u00b0 3.271 de 08 de dezembro de 2020, Decreto n\u00b0 6.314 de 21 de setembro de 2021 e Instru\u00e7\u00e3o Normativa n\u00b0 003\/2021.<\/p>\n\n\n\n<p>A admiss\u00e3o especial de militares da reserva n\u00e3o gera direito a promo\u00e7\u00f5es e progress\u00f5es reservadas ao pessoal da ativa, os quais ficar\u00e3o administrativamente vinculadas \u00e0 Diretoria de Gest\u00e3o Profissional da PMTO. Todavia os profissionais, no desempenho de suas fun\u00e7\u00f5es, poder\u00e3o utilizar uniformes, armamento e equipamentos adequados \u00e0 fun\u00e7\u00e3o, conforme regulamento da institui\u00e7\u00e3o.<\/p>\n\n\n\n<p>O candidato poder\u00e1 obter mais informa\u00e7\u00f5es atrav\u00e9s&nbsp; do e-mail:&nbsp;<a href=\"mailto:admissaoespecialpmto@gmail.com\">admissaoespecialpmto@gmail.com<\/a>&nbsp;e no endere\u00e7o eletr\u00f4nico&nbsp;<a href=\"http:\/\/www.pm.to.gov.br\/\">www.pm.to.gov.br<\/a>, na aba concursos.<\/p>\n","protected":false},"excerpt":{"rendered":"<p>Pol\u00edcia Militar do Tocantins (PMTO), torna p\u00fablico o Edital n\u00b0 001\/2022, de sele\u00e7\u00e3o para forma\u00e7\u00e3o de cadastro para a admiss\u00e3o especial de militares da reserva remunerada da PMTO. Para participar da sele\u00e7\u00e3o, o candidato deve ser policial militar da reserva remunerada, com proventos integrais da PMTO; ter idade m\u00e1xima at\u00e9 59 anos; ter passado para [&hellip;]<\/p>\n","protected":false},"author":2,"featured_media":10799,"comment_status":"open","ping_status":"open","sticky":false,"template":"","format":"standard","meta":[],"categories":[3],"tags":[13],"_links":{"self":[{"href":"https:\/\/dgospel.com.br\/portal\/index.php\/wp-json\/wp\/v2\/posts\/10798"}],"collection":[{"href":"https:\/\/dgospel.com.br\/portal\/index.php\/wp-json\/wp\/v2\/posts"}],"about":[{"href":"https:\/\/dgospel.com.br\/portal\/index.php\/wp-json\/wp\/v2\/types\/post"}],"author":[{"embeddable":true,"href":"https:\/\/dgospel.com.br\/portal\/index.php\/wp-json\/wp\/v2\/users\/2"}],"replies":[{"embeddable":true,"href":"https:\/\/dgospel.com.br\/portal\/index.php\/wp-json\/wp\/v2\/comments?post=10798"}],"version-history":[{"count":1,"href":"https:\/\/dgospel.com.br\/portal\/index.php\/wp-json\/wp\/v2\/posts\/10798\/revisions"}],"predecessor-version":[{"id":10800,"href":"https:\/\/dgospel.com.br\/portal\/index.php\/wp-json\/wp\/v2\/posts\/10798\/revisions\/10800"}],"wp:featuredmedia":[{"embeddable":true,"href":"https:\/\/dgospel.com.br\/portal\/index.php\/wp-json\/wp\/v2\/media\/10799"}],"wp:attachment":[{"href":"https:\/\/dgospel.com.br\/portal\/index.php\/wp-json\/wp\/v2\/media?parent=10798"}],"wp:term":[{"taxonomy":"category","embeddable":true,"href":"https:\/\/dgospel.com.br\/portal\/index.php\/wp-json\/wp\/v2\/categories?post=10798"},{"taxonomy":"post_tag","embeddable":true,"href":"https:\/\/dgospel.com.br\/portal\/index.php\/wp-json\/wp\/v2\/tags?post=10798"}],"curies":[{"name":"wp","href":"https:\/\/api.w.org\/{rel}","templated":true}]}}