{"id":10807,"date":"2022-03-21T12:51:10","date_gmt":"2022-03-21T15:51:10","guid":{"rendered":"http:\/\/dgospel.com.br\/portal\/?p=10807"},"modified":"2022-03-21T12:51:11","modified_gmt":"2022-03-21T15:51:11","slug":"bolsonaro-diz-que-seu-candidato-a-vice-presidente-sera-mineiro","status":"publish","type":"post","link":"https:\/\/dgospel.com.br\/portal\/index.php\/2022\/03\/21\/bolsonaro-diz-que-seu-candidato-a-vice-presidente-sera-mineiro\/","title":{"rendered":"Bolsonaro diz que seu candidato a vice-presidente ser\u00e1 mineiro"},"content":{"rendered":"\n<p>O presidente&nbsp;<a href=\"http:\/\/pleno.news\/tag\/jair-bolsonaro\" target=\"_blank\" rel=\"noreferrer noopener\">Jair Bolsonaro<\/a>&nbsp;(PL) revelou, na manh\u00e3 desta segunda-feira (21), que o candidato a vice-presidente em sua chapa ser\u00e1 um mineiro. A declara\u00e7\u00e3o foi feita pelo chefe do Executivo em entrevista concedida \u00e0 r\u00e1dio&nbsp;<a href=\"http:\/\/pleno.news\/tag\/jovem-pan\" target=\"_blank\" rel=\"noreferrer noopener\">Jovem Pan<\/a>. O l\u00edder preferiu, no entanto, n\u00e3o revelar o nome do escolhido.<\/p>\n\n\n\n<p>\u2013 Eu tenho que ter um vice que n\u00e3o tenha ambi\u00e7\u00f5es de assumir a minha cadeira ao longo do mandato. Eu posso adiantar para voc\u00eas, por coincid\u00eancia, o vice \u00e9 de Minas Gerais, mas n\u00e3o quero adiantar o nome dele \u2013 afirmou.<\/p>\n\n\n\n<p>Com a declara\u00e7\u00e3o do l\u00edder, aumentaram as expectativas de que o nome a ser escolhido por Bolsonaro seja realmente o do general Walter Braga Netto, atual ministro da Defesa, que \u00e9 natural de Belo Horizonte (MG). Inclusive, ao ouvir um dos comentaristas dizer que seu vice seria da capital mineira, o chefe do Executivo abriu um sorriso.<\/p>\n\n\n\n<p>Al\u00e9m disso, ao ser perguntado se o nome seria realmente o de Braga Netto, Bolsonaro disse que o ex-ministro Ricardo Salles, que participava da entrevista, tinha a resposta. Aos risos, o ex-ministro do Meio Ambiente sugeriu o nome do atual ministro da Defesa.<\/p>\n\n\n\n<p>\u2013 Um homem leal, competente e s\u00e9rio, e acima de tudo muito discreto e eficiente. Ent\u00e3o, eu espero que seja ele o mineiro que o senhor est\u00e1 se referindo. Para termos novamente um bloco do presidente Bolsonaro, agora, se Deus quiser, com Braga Netto \u2013 completou Salles.<\/p>\n","protected":false},"excerpt":{"rendered":"<p>O presidente&nbsp;Jair Bolsonaro&nbsp;(PL) revelou, na manh\u00e3 desta segunda-feira (21), que o candidato a vice-presidente em sua chapa ser\u00e1 um mineiro. A declara\u00e7\u00e3o foi feita pelo chefe do Executivo em entrevista concedida \u00e0 r\u00e1dio&nbsp;Jovem Pan. O l\u00edder preferiu, no entanto, n\u00e3o revelar o nome do escolhido. \u2013 Eu tenho que ter um vice que n\u00e3o tenha [&hellip;]<\/p>\n","protected":false},"author":2,"featured_media":10808,"comment_status":"open","ping_status":"open","sticky":false,"template":"","format":"standard","meta":[],"categories":[4],"tags":[14],"_links":{"self":[{"href":"https:\/\/dgospel.com.br\/portal\/index.php\/wp-json\/wp\/v2\/posts\/10807"}],"collection":[{"href":"https:\/\/dgospel.com.br\/portal\/index.php\/wp-json\/wp\/v2\/posts"}],"about":[{"href":"https:\/\/dgospel.com.br\/portal\/index.php\/wp-json\/wp\/v2\/types\/post"}],"author":[{"embeddable":true,"href":"https:\/\/dgospel.com.br\/portal\/index.php\/wp-json\/wp\/v2\/users\/2"}],"replies":[{"embeddable":true,"href":"https:\/\/dgospel.com.br\/portal\/index.php\/wp-json\/wp\/v2\/comments?post=10807"}],"version-history":[{"count":1,"href":"https:\/\/dgospel.com.br\/portal\/index.php\/wp-json\/wp\/v2\/posts\/10807\/revisions"}],"predecessor-version":[{"id":10809,"href":"https:\/\/dgospel.com.br\/portal\/index.php\/wp-json\/wp\/v2\/posts\/10807\/revisions\/10809"}],"wp:featuredmedia":[{"embeddable":true,"href":"https:\/\/dgospel.com.br\/portal\/index.php\/wp-json\/wp\/v2\/media\/10808"}],"wp:attachment":[{"href":"https:\/\/dgospel.com.br\/portal\/index.php\/wp-json\/wp\/v2\/media?parent=10807"}],"wp:term":[{"taxonomy":"category","embeddable":true,"href":"https:\/\/dgospel.com.br\/portal\/index.php\/wp-json\/wp\/v2\/categories?post=10807"},{"taxonomy":"post_tag","embeddable":true,"href":"https:\/\/dgospel.com.br\/portal\/index.php\/wp-json\/wp\/v2\/tags?post=10807"}],"curies":[{"name":"wp","href":"https:\/\/api.w.org\/{rel}","templated":true}]}}