{"id":10813,"date":"2022-03-22T10:25:44","date_gmt":"2022-03-22T13:25:44","guid":{"rendered":"http:\/\/dgospel.com.br\/portal\/?p=10813"},"modified":"2022-03-22T10:25:46","modified_gmt":"2022-03-22T13:25:46","slug":"wanderlei-barbosa-assina-portaria-para-ingresso-de-1-000-soldados-na-policia-militar-e-garante-que-todas-as-cidades-terao-policiamento-diario","status":"publish","type":"post","link":"https:\/\/dgospel.com.br\/portal\/index.php\/2022\/03\/22\/wanderlei-barbosa-assina-portaria-para-ingresso-de-1-000-soldados-na-policia-militar-e-garante-que-todas-as-cidades-terao-policiamento-diario\/","title":{"rendered":"Wanderlei Barbosa assina portaria para ingresso de 1.000 soldados na Pol\u00edcia Militar e garante que todas as cidades ter\u00e3o policiamento di\u00e1rio"},"content":{"rendered":"\n<p>\u201cN\u00f3s queremos que todas as cidades do Tocantins tenham pol\u00edcia e viaturas 24 horas por dia\u201d. A declara\u00e7\u00e3o foi dada pelo governador do Estado do Tocantins, Wanderlei Barbosa, durante a solenidade de ingresso na Pol\u00edcia Militar do Tocantins (PMTO) de 1.000 alunos-soldados aprovados no Concurso P\u00fablico da PMTO. A solenidade foi realizada na tarde desta segunda-feira, 21, na Pra\u00e7a dos Girass\u00f3is. O curso de Gradua\u00e7\u00e3o de Alunos-Soldados ser\u00e1 ofertado por meio de parceria com o Instituto Federal de Educa\u00e7\u00e3o, Ci\u00eancia e Tecnologia do Tocantins (IFTO).<\/p>\n\n\n\n<p>O governador Wanderlei Barbosa ressaltou que tem recebido muitas reclama\u00e7\u00f5es por parte de prefeitos e da pr\u00f3pria comunidade e o ingresso dos alunos representa que em um curto espa\u00e7o de tempo esse problema ser\u00e1 resolvido. \u201cHoje \u00e9 um dia especial, porque estamos fazendo o recrutamento de 1.000 homens e mulheres, que v\u00e3o compor nossas for\u00e7as de seguran\u00e7a e estamos ofertando um curso diferente, porque al\u00e9m da forma\u00e7\u00e3o como policial militar ter\u00e3o conhecimento tamb\u00e9m em outras \u00e1reas, que s\u00e3o importantes para os seus respectivos curr\u00edculos. O que queremos com esses novos militares \u00e9 que cada cidade do nosso Estado tenha policiamento di\u00e1rio\u201d, ressaltou o Governador.&nbsp;<\/p>\n\n\n\n<p>Os alunos ser\u00e3o divididos em 28 turmas. O in\u00edcio do curso est\u00e1 previsto para o dia 28 de mar\u00e7o, com 1.600 horas\/aula ofertadas em 14 polos, em cidades que contam com unidades da Pol\u00edcia Militar. Al\u00e9m do Curso de Forma\u00e7\u00e3o de Soldados, os participantes ter\u00e3o forma\u00e7\u00e3o de Tecn\u00f3logo em Seguran\u00e7a P\u00fablica, o que vai permitir o certificado de curso superior. \u201cQueremos a cada dia nossos profissionais preparados para proteger a sociedade tocantinense. A educa\u00e7\u00e3o \u00e9 a a\u00e7\u00e3o mais importante do segmento social e um dos pilares fundamentais para atua\u00e7\u00e3o da pol\u00edcia militar \u00e9 a intelig\u00eancia\u201d, ressaltou o comandante-geral da Pol\u00edcia Militar, coronel J\u00falio Manoel da Silva Neto, explicando que o conhecimento sobre o qual a Corpora\u00e7\u00e3o embasa o seu trabalho \u00e9 constru\u00eddo com base em evid\u00eancias emp\u00edricas, apuradas com metodologias \u00e9ticas.<\/p>\n\n\n\n<p>O comandante-geral explicou ainda que o planejamento da corpora\u00e7\u00e3o \u00e9 para que, a partir da segunda semana de setembro, esses militares estar\u00e3o qualificados. No entanto, ele afirmou que antes desta data j\u00e1 estar\u00e3o nas ruas como estagi\u00e1rios, o que vai permitir suprir algumas necessidades em locais que faltam policiais.&nbsp;<\/p>\n\n\n\n<p>O reitor do IFTO, Ant\u00f4nio da Luz, disse que essa parceria com o Governo do Tocantins, por meio da Pol\u00edcia Militar, \u00e9 hist\u00f3rica para o Estado e os alunos v\u00e3o contar com atividades, nas modalidades a dist\u00e2ncia e presencial, como forma de cobrir todas as disciplinas necess\u00e1rias para a boa forma\u00e7\u00e3o das turmas. \u201cV\u00e3o aprender quest\u00f5es pr\u00e1ticas do dia a dia da atividade policial e conhecimentos te\u00f3ricos, que v\u00e3o permitir uma forma\u00e7\u00e3o completa, que vai permitir um t\u00edtulo de forma\u00e7\u00e3o superior na \u00e1rea de seguran\u00e7a p\u00fablica. Essa \u00e9 a grande inova\u00e7\u00e3o desse modelo de forma\u00e7\u00e3o\u201d, ressaltou.<\/p>\n\n\n\n<p>O presidente da Assembleia Legislativa, Ant\u00f4nio Andrade, disse que a solenidade de ingresso dos novos alunos-soldados representa um sonho para os alunos e um grande ganho para a popula\u00e7\u00e3o das mais diversas cidades tocantinenses. \u201cQue esses novos policiais tenham uma qualifica\u00e7\u00e3o a altura do que a popula\u00e7\u00e3o espera. Tenho convic\u00e7\u00e3o que a partir da forma\u00e7\u00e3o desses policiais a sensa\u00e7\u00e3o de seguran\u00e7a ser\u00e1 sentida em todo o Estado\u201d, frisou.<\/p>\n\n\n\n<p><strong>Presen\u00e7as<\/strong><\/p>\n\n\n\n<p>A solenidade contou tamb\u00e9m com a presen\u00e7a da senadora K\u00e1tia Abreu, do deputado federal Vicente J\u00fanior, deputados estaduais, do comandante-geral do Corpo de Bombeiros, coronel Carlos Eduardo de Souza Farias, da Defensora P\u00fablica-geral, Estelamaris Postal, do Procurador-Geral de Justi\u00e7a, Luciano Casaroti, do reitor da Unitins, Augusto Rezende, representantes da Pol\u00edcia Federal (PF), Pol\u00edcia Rodovi\u00e1ria Federal (PRF), secret\u00e1rios de Estado e demais autoridades.<\/p>\n\n\n\n<figure class=\"wp-block-image\"><img src=\"https:\/\/central.to.gov.br\/image\/283918?w=670&amp;h=383\" alt=\"\"\/><\/figure>\n\n\n\n<p>Al\u00e9m do Curso de Forma\u00e7\u00e3o de Soldados, os participantes ter\u00e3o forma\u00e7\u00e3o de Tecn\u00f3logo em Seguran\u00e7a P\u00fablica, o que vai permitir o certificando de curso superior &#8211; Esequias Ara\u00fajo\/Governo do Tocantins.<\/p>\n\n\n\n<figure class=\"wp-block-image\"><img src=\"https:\/\/central.to.gov.br\/image\/283917?w=670&amp;h=383\" alt=\"\"\/><\/figure>\n\n\n\n<p>Os alunos ser\u00e3o divididos em 28 turmas. O in\u00edcio do curso est\u00e1 previsto para o dia 28 de mar\u00e7o, com 1.600 horas\/aula ofertadas &#8211; Esequias Ara\u00fajo\/Governo do Tocantins.<\/p>\n\n\n\n<figure class=\"wp-block-image\"><img src=\"https:\/\/central.to.gov.br\/image\/283916?w=670&amp;h=383\" alt=\"\"\/><\/figure>\n\n\n\n<p>O curso de Gradua\u00e7\u00e3o de Alunos-Soldados ser\u00e1 ofertado por meio de parceria com o Instituto Federal de Educa\u00e7\u00e3o, Ci\u00eancia e Tecnologia do Tocantins &#8211; Esequias Ara\u00fajo\/Governo do Tocantins.<\/p>\n\n\n\n<figure class=\"wp-block-image\"><img src=\"https:\/\/central.to.gov.br\/image\/283915?w=670&amp;h=383\" alt=\"\"\/><\/figure>\n\n\n\n<p>Solenidade contou com a presen\u00e7a da senadora K\u00e1tia Abreu, do deputado federal Vicente J\u00fanior, deputados estaduais, secret\u00e1rios de Estado e demais autoridades &#8211; Esequias Ara\u00fajo\/Governo do Tocantins&nbsp;\n\n<\/p>\n","protected":false},"excerpt":{"rendered":"<p>\u201cN\u00f3s queremos que todas as cidades do Tocantins tenham pol\u00edcia e viaturas 24 horas por dia\u201d. A declara\u00e7\u00e3o foi dada pelo governador do Estado do Tocantins, Wanderlei Barbosa, durante a solenidade de ingresso na Pol\u00edcia Militar do Tocantins (PMTO) de 1.000 alunos-soldados aprovados no Concurso P\u00fablico da PMTO. A solenidade foi realizada na tarde desta [&hellip;]<\/p>\n","protected":false},"author":2,"featured_media":10814,"comment_status":"open","ping_status":"open","sticky":false,"template":"","format":"standard","meta":[],"categories":[3],"tags":[13],"_links":{"self":[{"href":"https:\/\/dgospel.com.br\/portal\/index.php\/wp-json\/wp\/v2\/posts\/10813"}],"collection":[{"href":"https:\/\/dgospel.com.br\/portal\/index.php\/wp-json\/wp\/v2\/posts"}],"about":[{"href":"https:\/\/dgospel.com.br\/portal\/index.php\/wp-json\/wp\/v2\/types\/post"}],"author":[{"embeddable":true,"href":"https:\/\/dgospel.com.br\/portal\/index.php\/wp-json\/wp\/v2\/users\/2"}],"replies":[{"embeddable":true,"href":"https:\/\/dgospel.com.br\/portal\/index.php\/wp-json\/wp\/v2\/comments?post=10813"}],"version-history":[{"count":1,"href":"https:\/\/dgospel.com.br\/portal\/index.php\/wp-json\/wp\/v2\/posts\/10813\/revisions"}],"predecessor-version":[{"id":10815,"href":"https:\/\/dgospel.com.br\/portal\/index.php\/wp-json\/wp\/v2\/posts\/10813\/revisions\/10815"}],"wp:featuredmedia":[{"embeddable":true,"href":"https:\/\/dgospel.com.br\/portal\/index.php\/wp-json\/wp\/v2\/media\/10814"}],"wp:attachment":[{"href":"https:\/\/dgospel.com.br\/portal\/index.php\/wp-json\/wp\/v2\/media?parent=10813"}],"wp:term":[{"taxonomy":"category","embeddable":true,"href":"https:\/\/dgospel.com.br\/portal\/index.php\/wp-json\/wp\/v2\/categories?post=10813"},{"taxonomy":"post_tag","embeddable":true,"href":"https:\/\/dgospel.com.br\/portal\/index.php\/wp-json\/wp\/v2\/tags?post=10813"}],"curies":[{"name":"wp","href":"https:\/\/api.w.org\/{rel}","templated":true}]}}