{"id":10822,"date":"2022-03-23T17:45:10","date_gmt":"2022-03-23T20:45:10","guid":{"rendered":"http:\/\/dgospel.com.br\/portal\/?p=10822"},"modified":"2022-03-23T17:45:11","modified_gmt":"2022-03-23T20:45:11","slug":"em-porto-nacional-e-com-a-presenca-do-presidente-bolsonaro-governador-wanderlei-barbosa-participa-do-lancamento-do-programa-federal-dna-do-brasil-talentos","status":"publish","type":"post","link":"https:\/\/dgospel.com.br\/portal\/index.php\/2022\/03\/23\/em-porto-nacional-e-com-a-presenca-do-presidente-bolsonaro-governador-wanderlei-barbosa-participa-do-lancamento-do-programa-federal-dna-do-brasil-talentos\/","title":{"rendered":"Em Porto Nacional e com a presen\u00e7a do presidente Bolsonaro, governador Wanderlei Barbosa participa do lan\u00e7amento do programa federal DNA do Brasil Talentos"},"content":{"rendered":"\n<p>O governador Wanderlei Barbosa participou nesta ter\u00e7a-feira, 22, em Porto Nacional, do lan\u00e7amento do programa&nbsp;<em>DNA do Brasil Talentos<\/em>, do Governo Federal. O programa, lan\u00e7ado pelo presidente Jair Bolsonaro, visa \u00e0 inclus\u00e3o social e \u00e0 forma\u00e7\u00e3o profissional de crian\u00e7as e adolescentes em situa\u00e7\u00e3o de vulnerabilidade.<\/p>\n\n\n\n<p>O programa nacional que est\u00e1 sendo lan\u00e7ado no Tocantins \u00e9 estruturado na identifica\u00e7\u00e3o de talentos para o esporte e na voca\u00e7\u00e3o profissional. Ao longo de 12 meses, ser\u00e3o aplicadas metodologias cient\u00edficas para o desenvolvimento de talentos. Ao todo, o programa vai atender mais de 210 mil crian\u00e7as em todo o Brasil, mas nesta primeira etapa ser\u00e3o 46 mil, somente no Tocantins, contemplando 63 munic\u00edpios no Estado.&nbsp;<\/p>\n\n\n\n<p>O presidente Jair Bolsonaro enfatizou o orgulho de estar \u00e0 frente do Brasil e de lan\u00e7ar programas que visam investir nas crian\u00e7as brasileiras. \u201cQuero falar da miss\u00e3o e do orgulho de estar \u00e0 frente do Poder Executivo e lan\u00e7ar um programa que vai descobrir mais talentos para o Brasil e ajudar essas crian\u00e7as. Quero externar a minha satisfa\u00e7\u00e3o de estar aqui, praticamente no cora\u00e7\u00e3o do Brasil, e ser recebido com muito carinho e ver cada vez mais que as cores que predominam s\u00e3o a verde e amarela\u201d, destacou.<\/p>\n\n\n\n<p>O governador Wanderlei Barbosa ressaltou a import\u00e2ncia da visita do presidente Jair Bolsonaro, destacando que sua agenda no Estado incluiu a inaugura\u00e7\u00e3o de obras importantes em Aragua\u00edna e a visita \u00e0s obras da ponte de Xambio\u00e1, que liga o Tocantins ao Par\u00e1. \u201cAgora, o Presidente est\u00e1 aqui em Porto Nacional, lan\u00e7ando um programa muito importante para as nossas crian\u00e7as que, com certeza, vai revelar muitos talentos\u201d, complementou.<\/p>\n\n\n\n<p>O Governador pontuou algumas obras no Estado que precisam de incentivo do Governo Federal e afirmou que conta com o apoio do Presidente Jair Bolsonaro. \u201cPresidente, n\u00f3s estamos fazendo a ponte de Porto Nacional, mas n\u00f3s sabemos tamb\u00e9m as dificuldades que enfrentamos e sei que o Presidente ir\u00e1 nos ajudar, no caso da federaliza\u00e7\u00e3o da rodovia entre Silvan\u00f3polis e Porto Nacional. N\u00f3s tamb\u00e9m queremos a federaliza\u00e7\u00e3o da Transcolinas para melhorar o setor produtivo. Sabemos do homem do campo, que precisa fazer o escoamento das suas produ\u00e7\u00f5es e precisa de boas rodovias. O presidente Bolsonaro tem cuidado do agroneg\u00f3cio, do direito de propriedade e das fam\u00edlias brasileiras\u201d, ressaltou.<\/p>\n\n\n\n<p>O prefeito de Porto Nacional, Ronivon Maciel, destacou as potencialidades do munic\u00edpio. \u201cTemos o privil\u00e9gio de receber o chefe maior da na\u00e7\u00e3o. Essa cidade tem uma linda hist\u00f3ria com muitas voca\u00e7\u00f5es, dentre elas ser um polo cultural, esportivo e gastron\u00f4mico. Nos \u00faltimos anos, Porto Nacional vive a experi\u00eancia de ser um dos maiores produtores de gr\u00e3os, por\u00e9m tem car\u00eancia na educa\u00e7\u00e3o e na cultura e necessita do apoio do Presidente\u201d, afirmou.<\/p>\n\n\n\n<p>O programa<em>&nbsp;DNA do Brasil Talentos<\/em>, \u00e9 desenvolvido pelo Governo Federal, por meio do Minist\u00e9rio da Mulher, da Fam\u00edlia e dos Direitos Humanos (MMFDH) em parceria com o Instituto para o Desenvolvimento da Crian\u00e7a e do Adolescente pela Cultura e Esporte (Idecade).&nbsp;<\/p>\n\n\n\n<p><strong>Presen\u00e7as<\/strong><\/p>\n\n\n\n<p>Marcaram presen\u00e7a na solenidade, a primeira-dama Michelle Bolsonaro; a ministra da Mulher, Fam\u00edlia e Direitos Humanos, Damares Alves; o secret\u00e1rio nacional dos Direitos da Crian\u00e7a e do Adolescente, Maur\u00edcio Cunha; o presidente do Idecace, Wilson Cardoso; al\u00e9m de senadores, ministros, prefeitos municipais, deputados federais e estaduais, autoridades locais, representantes das comunidades acad\u00eamica e esportiva, bem como da comunidade local.<\/p>\n\n\n\n<figure class=\"wp-block-image\"><img src=\"https:\/\/central.to.gov.br\/image\/284096?w=670&amp;h=383\" alt=\"\"\/><\/figure>\n\n\n\n<p>Presidente Jair Bolsonaro lan\u00e7a programa DNA do Brasil Talentos em Porto Nacional &#8211; Antonio Gon\u00e7alves\/Governo do Tocantins\n\n<\/p>\n","protected":false},"excerpt":{"rendered":"<p>O governador Wanderlei Barbosa participou nesta ter\u00e7a-feira, 22, em Porto Nacional, do lan\u00e7amento do programa&nbsp;DNA do Brasil Talentos, do Governo Federal. O programa, lan\u00e7ado pelo presidente Jair Bolsonaro, visa \u00e0 inclus\u00e3o social e \u00e0 forma\u00e7\u00e3o profissional de crian\u00e7as e adolescentes em situa\u00e7\u00e3o de vulnerabilidade. O programa nacional que est\u00e1 sendo lan\u00e7ado no Tocantins \u00e9 estruturado [&hellip;]<\/p>\n","protected":false},"author":2,"featured_media":10823,"comment_status":"open","ping_status":"open","sticky":false,"template":"","format":"standard","meta":[],"categories":[3],"tags":[13],"_links":{"self":[{"href":"https:\/\/dgospel.com.br\/portal\/index.php\/wp-json\/wp\/v2\/posts\/10822"}],"collection":[{"href":"https:\/\/dgospel.com.br\/portal\/index.php\/wp-json\/wp\/v2\/posts"}],"about":[{"href":"https:\/\/dgospel.com.br\/portal\/index.php\/wp-json\/wp\/v2\/types\/post"}],"author":[{"embeddable":true,"href":"https:\/\/dgospel.com.br\/portal\/index.php\/wp-json\/wp\/v2\/users\/2"}],"replies":[{"embeddable":true,"href":"https:\/\/dgospel.com.br\/portal\/index.php\/wp-json\/wp\/v2\/comments?post=10822"}],"version-history":[{"count":1,"href":"https:\/\/dgospel.com.br\/portal\/index.php\/wp-json\/wp\/v2\/posts\/10822\/revisions"}],"predecessor-version":[{"id":10824,"href":"https:\/\/dgospel.com.br\/portal\/index.php\/wp-json\/wp\/v2\/posts\/10822\/revisions\/10824"}],"wp:featuredmedia":[{"embeddable":true,"href":"https:\/\/dgospel.com.br\/portal\/index.php\/wp-json\/wp\/v2\/media\/10823"}],"wp:attachment":[{"href":"https:\/\/dgospel.com.br\/portal\/index.php\/wp-json\/wp\/v2\/media?parent=10822"}],"wp:term":[{"taxonomy":"category","embeddable":true,"href":"https:\/\/dgospel.com.br\/portal\/index.php\/wp-json\/wp\/v2\/categories?post=10822"},{"taxonomy":"post_tag","embeddable":true,"href":"https:\/\/dgospel.com.br\/portal\/index.php\/wp-json\/wp\/v2\/tags?post=10822"}],"curies":[{"name":"wp","href":"https:\/\/api.w.org\/{rel}","templated":true}]}}